{"id":96343,"date":"2019-05-24T17:42:45","date_gmt":"2019-05-24T20:42:45","guid":{"rendered":"http:\/\/www.caririemacao.com\/1\/?p=96343"},"modified":"2019-05-24T17:42:45","modified_gmt":"2019-05-24T20:42:45","slug":"jovens-rurais-podem-concorrer-a-33-bolsas-do-procase-ate-sabado","status":"publish","type":"post","link":"https:\/\/www.caririemacao.com\/1\/2019\/05\/24\/jovens-rurais-podem-concorrer-a-33-bolsas-do-procase-ate-sabado\/","title":{"rendered":"Jovens rurais podem concorrer a 33 bolsas do Procase at\u00e9 s\u00e1bado"},"content":{"rendered":"\n<p>A Comiss\u00e3o Organizadora do Processo Seletivo para concess\u00e3o de bolsas para jovens rurais dos 18 munic\u00edpios localizados na \u00e1rea de atua\u00e7\u00e3o do Projeto de Desenvolvimento Sustent\u00e1vel do Cariri, Serid\u00f3 e Curimata\u00fa (Procase) reabriu inscri\u00e7\u00f5es com prazo at\u00e9 as 16h deste s\u00e1bado (25).<\/p>\n\n\n\n<p>As bolsas s\u00e3o destinadas a jovens dos munic\u00edpios de Alcantil, Algod\u00e3o de Janda\u00edra, Assun\u00e7\u00e3o, Barra de Santana, Cara\u00fabas, Congo, Coxixola, Cubati, Dami\u00e3o, Gurj\u00e3o, Nova Palmeira, Ouro Velho, Prata, Riacho de Santo Ant\u00f4nio, Salgadinho, S\u00e3o Jos\u00e9 do Sabugi, S\u00e3o Vicente de Serid\u00f3 e Ten\u00f3rio.<br>&nbsp;<br>O Procase esclareceu sobre o resultado preliminar de an\u00e1lise das inscri\u00e7\u00f5es, divulgado na \u00faltima sexta-feira (17), e a consequente reabertura das inscri\u00e7\u00f5es. Segundo o documento, de um total de 1077 inscritos no certame, 637 candidatos tiveram suas inscri\u00e7\u00f5es consideradas aptas e 193 tiveram suas inscri\u00e7\u00f5es pr\u00e9-selecionadas, por\u00e9m em 18 munic\u00edpios n\u00e3o houve candidatos com inscri\u00e7\u00f5es v\u00e1lidas para o preenchimento do quantitativo das vagas ofertadas.&nbsp;<br>&nbsp;<br>O comunicado explica ainda que 440 candidatos foram eliminados durante a checagem dos dados inseridos nas respectivas inscri\u00e7\u00f5es por estar em desacordo com os requisitos estabelecidos no Edital, tais como: idade abaixo de 16 ou acima de 29 anos na data da inscri\u00e7\u00e3o; n\u00e3o estar cursando ensino m\u00e9dio ou ensino superior em institui\u00e7\u00e3o p\u00fablica; inscri\u00e7\u00e3o para as duas modalidades ofertadas ou aus\u00eancia de dados imprescind\u00edveis para a valida\u00e7\u00e3o da inscri\u00e7\u00e3o.<br>&nbsp;<br>Assim, o documento informa que \u201c\u00e9 provis\u00f3rio o resultado das inscri\u00e7\u00f5es aptas ou pr\u00e9-selecionadas, podendo ocorrer reposicionamentos ou at\u00e9 mesmo elimina\u00e7\u00e3o de candidatos, caso as informa\u00e7\u00f5es fornecidas nas inscri\u00e7\u00f5es n\u00e3o sejam comprovadas por meio de documentos, bem como em situa\u00e7\u00f5es de candidato com v\u00ednculo empregat\u00edcio, com bolsa de outro \u00f3rg\u00e3o, irm\u00e3os selecionados no mesmo munic\u00edpio ou que n\u00e3o tenham qualquer tipo de vincula\u00e7\u00e3o com o meio rural\u201d.<br>&nbsp;<br>Alerta ainda que, \u201cconforme previs\u00e3o contida no item 11.1 do Edital, as informa\u00e7\u00f5es repassadas pelo candidato no ato da inscri\u00e7\u00e3o s\u00e3o de sua total responsabilidade e, portanto, pass\u00edveis de elimina\u00e7\u00e3o imediata em decorr\u00eancia da posterior constata\u00e7\u00e3o de eventuais aus\u00eancias de dados ou informa\u00e7\u00f5es divergentes dos preceitos estabelecidos no Edital\u201d.<br>&nbsp;<br>E finaliza: \u201cComo medida de economicidade e de oportunidade para os jovens de todos os munic\u00edpios para os quais as bolsas s\u00e3o ofertadas, especialmente em raz\u00e3o da aus\u00eancia de candidatos com inscri\u00e7\u00f5es aptas ou pr\u00e9-selecionadas nos 18 munic\u00edpios acima identificados, a Comiss\u00e3o organizadora do certame resolve, com base no Artigo 15 do Edital, reabrir o prazo de 48 horas exclusivamente para inscri\u00e7\u00e3o de candidatos residentes nos munic\u00edpios acima relacionados\u201d.<br>&nbsp;<br>Segue abaixo a rela\u00e7\u00e3o dos munic\u00edpios e n\u00famero de vagas a serem preenchidas:<br>Assun\u00e7\u00e3o &#8211; 1<br>Algod\u00e3o de Janda\u00edra &#8211; 1<br>Nova Palmeira &#8211; 1<br>Salgadinho &#8211; 1<br>Ten\u00f3rio &#8211; 1<br>Congo &#8211; 3<br>Coxixola &#8211; 2<br>Ouro Velho &#8211; 3<br>Prata &#8211; 1<br>Alcantil &#8211; 1<br>Barra de Santana &#8211; 3<br>Cara\u00fabas &#8211; 2<br>Gurj\u00e3o &#8211; 1<br>Riacho de Santo Antonio &#8211; 1<br>Dami\u00e3o &#8211; 2<br>Nova Palmeira &#8211; 1<br>Salgadinho &#8211; 1<br>S\u00e3o Jos\u00e9 do Sabugi &#8211; 2<br>Cubati &#8211; 1<br>S\u00e3o Vicente do Serid\u00f3 &#8211; 2<br>Ten\u00f3rio &#8211; 2<br>Total de vagas remanescentes: 33.<\/p>\n","protected":false},"excerpt":{"rendered":"<p>A Comiss\u00e3o Organizadora do Processo Seletivo para concess\u00e3o de bolsas para jovens rurais dos 18 munic\u00edpios localizados na \u00e1rea de atua\u00e7\u00e3o do Projeto de Desenvolvimento&hellip; <\/p>\n","protected":false},"author":1,"featured_media":96344,"comment_status":"closed","ping_status":"closed","sticky":false,"template":"","format":"standard","meta":{"sfsi_plus_gutenberg_text_before_share":"","sfsi_plus_gutenberg_show_text_before_share":"","sfsi_plus_gutenberg_icon_type":"","sfsi_plus_gutenberg_icon_alignemt":"","sfsi_plus_gutenburg_max_per_row":"","footnotes":""},"categories":[2],"tags":[],"class_list":["post-96343","post","type-post","status-publish","format-standard","has-post-thumbnail","hentry","category-geral"],"_links":{"self":[{"href":"https:\/\/www.caririemacao.com\/1\/wp-json\/wp\/v2\/posts\/96343","targetHints":{"allow":["GET"]}}],"collection":[{"href":"https:\/\/www.caririemacao.com\/1\/wp-json\/wp\/v2\/posts"}],"about":[{"href":"https:\/\/www.caririemacao.com\/1\/wp-json\/wp\/v2\/types\/post"}],"author":[{"embeddable":true,"href":"https:\/\/www.caririemacao.com\/1\/wp-json\/wp\/v2\/users\/1"}],"replies":[{"embeddable":true,"href":"https:\/\/www.caririemacao.com\/1\/wp-json\/wp\/v2\/comments?post=96343"}],"version-history":[{"count":1,"href":"https:\/\/www.caririemacao.com\/1\/wp-json\/wp\/v2\/posts\/96343\/revisions"}],"predecessor-version":[{"id":96345,"href":"https:\/\/www.caririemacao.com\/1\/wp-json\/wp\/v2\/posts\/96343\/revisions\/96345"}],"wp:featuredmedia":[{"embeddable":true,"href":"https:\/\/www.caririemacao.com\/1\/wp-json\/wp\/v2\/media\/96344"}],"wp:attachment":[{"href":"https:\/\/www.caririemacao.com\/1\/wp-json\/wp\/v2\/media?parent=96343"}],"wp:term":[{"taxonomy":"category","embeddable":true,"href":"https:\/\/www.caririemacao.com\/1\/wp-json\/wp\/v2\/categories?post=96343"},{"taxonomy":"post_tag","embeddable":true,"href":"https:\/\/www.caririemacao.com\/1\/wp-json\/wp\/v2\/tags?post=96343"}],"curies":[{"name":"wp","href":"https:\/\/api.w.org\/{rel}","templated":true}]}}