{"id":96350,"date":"2019-05-24T18:15:34","date_gmt":"2019-05-24T21:15:34","guid":{"rendered":"http:\/\/www.caririemacao.com\/1\/?p=96350"},"modified":"2019-05-24T18:15:34","modified_gmt":"2019-05-24T21:15:34","slug":"lideres-do-pdt-e-do-psb-visitam-lula-precisamos-de-um-projeto-nacional","status":"publish","type":"post","link":"https:\/\/www.caririemacao.com\/1\/2019\/05\/24\/lideres-do-pdt-e-do-psb-visitam-lula-precisamos-de-um-projeto-nacional\/","title":{"rendered":"L\u00edderes do PDT e do PSB visitam Lula: \u2018Precisamos de um projeto nacional\u2019"},"content":{"rendered":"\n<p>O ex-presidente Luiz In\u00e1cio Lula da Silva recebeu nesta quinta-feira (23) a visita de duas lideran\u00e7as de diferentes partidos: o presidente nacional do PDT, o ex-ministro Carlos Lupi, e o ex-governador da Para\u00edba Ricardo Coutinho (PSB). Ap\u00f3s a sa\u00edda da sede da Pol\u00edcia Federal em Curitiba, aonde Lula est\u00e1 preso desde abril do ano passado, eles conversaram com os presentes da Vig\u00edlia Lula Livre.<\/p>\n\n\n\n<p>A palavra mais usada pelos l\u00edderes foi \u201cinjusti\u00e7a\u201d. PDT e PSB, mesmo com diferen\u00e7as de posicionamentos com o PT de Lula, se colocam solid\u00e1rios ao ex-presidente, e ajudam a compor a oposi\u00e7\u00e3o ao governo de extrema-direita que governa o pa\u00eds com o presidente, Jair Bolsonaro (PSL). \u201c\u00c9 um dif\u00edcil momento de injusti\u00e7a, mas n\u00f3s somos a resist\u00eancia. Brizola (Leonel) sempre dizia que o povo brasileiro \u00e9 a resist\u00eancia\u201d, disse Lupi, citando o importante l\u00edder pedetista, ex-governador de dois estados (RJ e RS).<\/p>\n\n\n\n<p>Lupi descreveu Lula como \u201cl\u00facido, forte, com olhar para o futuro\u201d, obstinado em provar sua inoc\u00eancia. Sobre o pa\u00eds, disse que o ex-presidente est\u00e1 \u201cpreocupado com os mais pobres e mais fracos que est\u00e3o sofrendo muito com o desgoverno que ai est\u00e1\u201d. Lupi argumentou que, assim como Lula, v\u00ea Bolsonaro como uma figura que atua \u201cem defesa de interesses internacionais e do sistema financeiro\u201d. O l\u00edder pedetista disse que saiu de l\u00e1 feliz, pois \u201capenas um homem justo possui as convic\u00e7\u00f5es de Lula\u201d, mas com o cora\u00e7\u00e3o em prantos pela injusti\u00e7a.<\/p>\n\n\n\n<p>Os amigos de Lula disseram estar confiantes em sua soltura breve. \u201cN\u00e3o \u00e9 poss\u00edvel que isso n\u00e3o aconte\u00e7a logo. J\u00e1 passou do limite, tenho muita esperan\u00e7a. Minha \u00faltima fala com o ex-presidente foi um at\u00e9 breve, l\u00e1 fora\u201d, disse Lupi.<\/p>\n\n\n\n<p>Coutinho, por sua vez, disse compartilhar da esperan\u00e7a de Lupi, e ver como sinal o crescimento da resist\u00eancia popular contra a extrema-direita. \u201cN\u00e3o h\u00e1 caminho para esse governo. O Brasil n\u00e3o dialoga mais com seu povo, n\u00e3o tem futuro para o seu povo. At\u00e9 os mais fan\u00e1ticos enxergam. N\u00e3o d\u00e3o o bra\u00e7o a torcer, mas observam claramente que este pa\u00eds est\u00e1 ficando cada vez pior. Lula disse que ele est\u00e1 motivado, disse que ali dentro tem uma pessoa que anda ao lado da injusti\u00e7a, mas que sua motiva\u00e7\u00e3o para sair dali \u00e9 a rea\u00e7\u00e3o ao estado em que o Brasil chegou.\u201d<\/p>\n\n\n\n<p>\u201cLula disse que tem um interesse b\u00e1sico, que \u00e9 a quest\u00e3o da soberania nacional. O Brasil est\u00e1 sendo rasgado, vendido por nada. Tudo que se vende, se vende muito abaixo do pre\u00e7o. Venderam 12 aeroportos no Nordeste por R$ 2 bilh\u00f5es e 400 milh\u00f5es. Isso significa que cada aeroporto saiu pela metade de um avi\u00e3o Boeing. O patrim\u00f4nio foi dado. Da mesma forma, inviabilizam a Petrobras, vendem a parte boa para criar lucro em outros pa\u00edses, especialmente os Estados Unidos. O Brasil precisa voltar a discutir isso. Precisamos de um projeto nacional\u201d, completou o ex-governador.<\/p>\n\n\n\n<p>Da&nbsp;<a href=\"https:\/\/www.redebrasilatual.com.br\/politica\/2019\/05\/lideres-do-pdt-e-do-psb-visitam-lula-precisamos-de-um-projeto-nacional\/\">Rede Brasil Atual<\/a><\/p>\n","protected":false},"excerpt":{"rendered":"<p>O ex-presidente Luiz In\u00e1cio Lula da Silva recebeu nesta quinta-feira (23) a visita de duas lideran\u00e7as de diferentes partidos: o presidente nacional do PDT, o&hellip; <\/p>\n","protected":false},"author":1,"featured_media":96351,"comment_status":"closed","ping_status":"closed","sticky":false,"template":"","format":"standard","meta":{"sfsi_plus_gutenberg_text_before_share":"","sfsi_plus_gutenberg_show_text_before_share":"","sfsi_plus_gutenberg_icon_type":"","sfsi_plus_gutenberg_icon_alignemt":"","sfsi_plus_gutenburg_max_per_row":"","footnotes":""},"categories":[11],"tags":[],"class_list":["post-96350","post","type-post","status-publish","format-standard","has-post-thumbnail","hentry","category-politica"],"_links":{"self":[{"href":"https:\/\/www.caririemacao.com\/1\/wp-json\/wp\/v2\/posts\/96350","targetHints":{"allow":["GET"]}}],"collection":[{"href":"https:\/\/www.caririemacao.com\/1\/wp-json\/wp\/v2\/posts"}],"about":[{"href":"https:\/\/www.caririemacao.com\/1\/wp-json\/wp\/v2\/types\/post"}],"author":[{"embeddable":true,"href":"https:\/\/www.caririemacao.com\/1\/wp-json\/wp\/v2\/users\/1"}],"replies":[{"embeddable":true,"href":"https:\/\/www.caririemacao.com\/1\/wp-json\/wp\/v2\/comments?post=96350"}],"version-history":[{"count":2,"href":"https:\/\/www.caririemacao.com\/1\/wp-json\/wp\/v2\/posts\/96350\/revisions"}],"predecessor-version":[{"id":96355,"href":"https:\/\/www.caririemacao.com\/1\/wp-json\/wp\/v2\/posts\/96350\/revisions\/96355"}],"wp:featuredmedia":[{"embeddable":true,"href":"https:\/\/www.caririemacao.com\/1\/wp-json\/wp\/v2\/media\/96351"}],"wp:attachment":[{"href":"https:\/\/www.caririemacao.com\/1\/wp-json\/wp\/v2\/media?parent=96350"}],"wp:term":[{"taxonomy":"category","embeddable":true,"href":"https:\/\/www.caririemacao.com\/1\/wp-json\/wp\/v2\/categories?post=96350"},{"taxonomy":"post_tag","embeddable":true,"href":"https:\/\/www.caririemacao.com\/1\/wp-json\/wp\/v2\/tags?post=96350"}],"curies":[{"name":"wp","href":"https:\/\/api.w.org\/{rel}","templated":true}]}}