{"id":96373,"date":"2019-05-25T07:04:16","date_gmt":"2019-05-25T10:04:16","guid":{"rendered":"http:\/\/www.caririemacao.com\/1\/?p=96373"},"modified":"2019-05-25T07:04:16","modified_gmt":"2019-05-25T10:04:16","slug":"policia-investiga-grupo-de-whatsapp-de-arcoverde-que-alertava-sobre-blitz-na-regiao","status":"publish","type":"post","link":"https:\/\/www.caririemacao.com\/1\/2019\/05\/25\/policia-investiga-grupo-de-whatsapp-de-arcoverde-que-alertava-sobre-blitz-na-regiao\/","title":{"rendered":"Pol\u00edcia investiga grupo de WhatsApp de Arcoverde que alertava sobre blitz na regi\u00e3o"},"content":{"rendered":"\n<p>Segundo a PM, a opera\u00e7\u00e3o visava coibir crimes na cidade, e o grupo intitulado &#8220;Arcoverde&nbsp;Alerta&#8221; tinha o foco em avisar sobre poss\u00edveis blitz que estejam acontecendo em Arcoverde e regi\u00e3o, e na tarde desta quinta-feira (23), o grupo passou a divulgar a opera\u00e7\u00e3o, que viola o Art. 265 do C\u00f3digo Penal: Atentar contra servi\u00e7o de utilidade p\u00fablica.&nbsp;<\/p>\n\n\n\n<p>A pol\u00edcia disp\u00f5e de c\u00f3pias dos contatos do grupo, e tamb\u00e9m c\u00f3pias das conversas sobre os alertas das blitz. A pena prevista para esse tipo de crime \u00e9 de reclus\u00e3o de um a cinco anos e multa.<\/p>\n\n\n\n<p><strong>Al\u00e9m de cometer um crime voc\u00ea tamb\u00e9m pode estar alertando criminosos.<\/strong><\/p>\n\n\n\n<p>M\u00eddia em A\u00e7\u00e3o <\/p>\n","protected":false},"excerpt":{"rendered":"<p>Segundo a PM, a opera\u00e7\u00e3o visava coibir crimes na cidade, e o grupo intitulado &#8220;Arcoverde&nbsp;Alerta&#8221; tinha o foco em avisar sobre poss\u00edveis blitz que estejam&hellip; <\/p>\n","protected":false},"author":1,"featured_media":96375,"comment_status":"closed","ping_status":"closed","sticky":false,"template":"","format":"standard","meta":{"sfsi_plus_gutenberg_text_before_share":"","sfsi_plus_gutenberg_show_text_before_share":"","sfsi_plus_gutenberg_icon_type":"","sfsi_plus_gutenberg_icon_alignemt":"","sfsi_plus_gutenburg_max_per_row":"","footnotes":""},"categories":[50,12],"tags":[],"class_list":["post-96373","post","type-post","status-publish","format-standard","has-post-thumbnail","hentry","category-destaque","category-policia"],"_links":{"self":[{"href":"https:\/\/www.caririemacao.com\/1\/wp-json\/wp\/v2\/posts\/96373","targetHints":{"allow":["GET"]}}],"collection":[{"href":"https:\/\/www.caririemacao.com\/1\/wp-json\/wp\/v2\/posts"}],"about":[{"href":"https:\/\/www.caririemacao.com\/1\/wp-json\/wp\/v2\/types\/post"}],"author":[{"embeddable":true,"href":"https:\/\/www.caririemacao.com\/1\/wp-json\/wp\/v2\/users\/1"}],"replies":[{"embeddable":true,"href":"https:\/\/www.caririemacao.com\/1\/wp-json\/wp\/v2\/comments?post=96373"}],"version-history":[{"count":1,"href":"https:\/\/www.caririemacao.com\/1\/wp-json\/wp\/v2\/posts\/96373\/revisions"}],"predecessor-version":[{"id":96376,"href":"https:\/\/www.caririemacao.com\/1\/wp-json\/wp\/v2\/posts\/96373\/revisions\/96376"}],"wp:featuredmedia":[{"embeddable":true,"href":"https:\/\/www.caririemacao.com\/1\/wp-json\/wp\/v2\/media\/96375"}],"wp:attachment":[{"href":"https:\/\/www.caririemacao.com\/1\/wp-json\/wp\/v2\/media?parent=96373"}],"wp:term":[{"taxonomy":"category","embeddable":true,"href":"https:\/\/www.caririemacao.com\/1\/wp-json\/wp\/v2\/categories?post=96373"},{"taxonomy":"post_tag","embeddable":true,"href":"https:\/\/www.caririemacao.com\/1\/wp-json\/wp\/v2\/tags?post=96373"}],"curies":[{"name":"wp","href":"https:\/\/api.w.org\/{rel}","templated":true}]}}