{"id":96374,"date":"2019-05-25T06:02:36","date_gmt":"2019-05-25T09:02:36","guid":{"rendered":"http:\/\/www.caririemacao.com\/1\/?p=96374"},"modified":"2019-05-25T07:08:32","modified_gmt":"2019-05-25T10:08:32","slug":"prefeituras-do-cariri-e-sebrae-promovem-curso-de-cerimonial-e-protocolo","status":"publish","type":"post","link":"https:\/\/www.caririemacao.com\/1\/2019\/05\/25\/prefeituras-do-cariri-e-sebrae-promovem-curso-de-cerimonial-e-protocolo\/","title":{"rendered":"Prefeituras do Cariri e Sebrae promovem curso de cerimonial e protocolo"},"content":{"rendered":"\n<p>O mercado de eventos \u00e9 respons\u00e1vel por movimentar bilh\u00f5es no pa\u00eds e pela gera\u00e7\u00e3o de milh\u00f5es de empregos. Para se manter em crescimento, os profissionais que atuam na \u00e1rea precisam de constantes capacita\u00e7\u00f5es. Dessa forma, o Sebrae, em parceria como os munic\u00edpios da regi\u00e3o do Cariri Paraibano promoveu nesta \u00faltima quinta e sexta-feira, dias 23 e 24, respectivamente, na cidade de Sum\u00e9, o curso de Cerimonial e Protocolo, ministrado pelo especialista Fernando Fernandes.<\/p>\n\n\n\n<figure class=\"wp-block-image\"><img fetchpriority=\"high\" decoding=\"async\" width=\"960\" height=\"635\" src=\"http:\/\/www.caririemacao.com\/1\/wp-content\/uploads\/2019\/05\/61159555_1554166358052715_3576574581986557952_n.jpg\" alt=\"\" class=\"wp-image-96383\" srcset=\"https:\/\/www.caririemacao.com\/1\/wp-content\/uploads\/2019\/05\/61159555_1554166358052715_3576574581986557952_n.jpg 960w, https:\/\/www.caririemacao.com\/1\/wp-content\/uploads\/2019\/05\/61159555_1554166358052715_3576574581986557952_n-300x198.jpg 300w, https:\/\/www.caririemacao.com\/1\/wp-content\/uploads\/2019\/05\/61159555_1554166358052715_3576574581986557952_n-768x508.jpg 768w\" sizes=\"(max-width: 960px) 100vw, 960px\" \/><\/figure>\n\n\n\n<p>O curso foi realizado no audit\u00f3rio da Secretaria Municipal de Educa\u00e7\u00e3o e contou com a presen\u00e7a de 12 munic\u00edpios da regi\u00e3o, entre eles, pessoas que j\u00e1 atuam no setor privado e outros no setor p\u00fablico. A capacita\u00e7\u00e3o foi ministrada pelo facilitador do Sebrae Fernando Fernandes.<\/p>\n\n\n\n<figure class=\"wp-block-image\"><img decoding=\"async\" width=\"960\" height=\"635\" data-src=\"http:\/\/www.caririemacao.com\/1\/wp-content\/uploads\/2019\/05\/61186683_1554170424718975_879246347419516928_n.jpg\" alt=\"\" class=\"wp-image-96381 lazyload\" data-srcset=\"https:\/\/www.caririemacao.com\/1\/wp-content\/uploads\/2019\/05\/61186683_1554170424718975_879246347419516928_n.jpg 960w, https:\/\/www.caririemacao.com\/1\/wp-content\/uploads\/2019\/05\/61186683_1554170424718975_879246347419516928_n-300x198.jpg 300w, https:\/\/www.caririemacao.com\/1\/wp-content\/uploads\/2019\/05\/61186683_1554170424718975_879246347419516928_n-768x508.jpg 768w\" data-sizes=\"(max-width: 960px) 100vw, 960px\" src=\"data:image\/svg+xml;base64,PHN2ZyB3aWR0aD0iMSIgaGVpZ2h0PSIxIiB4bWxucz0iaHR0cDovL3d3dy53My5vcmcvMjAwMC9zdmciPjwvc3ZnPg==\" style=\"--smush-placeholder-width: 960px; --smush-placeholder-aspect-ratio: 960\/635;\" \/><\/figure>\n\n\n\n<p>De acordo com o facilitador do curso, Fernando Fernandes, o\nsetor de eventos tamb\u00e9m deve buscar inova\u00e7\u00e3o, assim como as demais \u00e1reas\nligadas ao turismo. \u201cO mercado nacional de eventos pode continuar em\ncrescimento, mesmo em momentos de instabilidade econ\u00f4mica e pol\u00edtica.\nEntretanto, \u00e9 preciso focar as oportunidades futuras e buscar solu\u00e7\u00f5es\ninovadoras, para otimizar custos e buscar formas eficientes de gerar\nresultados\u201d, afirmou.<\/p>\n\n\n\n<p>Al\u00e9m disso, Fernando destacou as constantes atualiza\u00e7\u00f5es\ncomo forma de profissionalizar ainda mais o segmento. \u201cO per\u00edodo tamb\u00e9m exige a\nbusca de conhecimentos e de informa\u00e7\u00f5es atualizadas, voltadas para a an\u00e1lise do\ncen\u00e1rio econ\u00f4mico, a cria\u00e7\u00e3o de diferenciais competitivos e a prospec\u00e7\u00e3o de\nneg\u00f3cios e eventos ainda n\u00e3o existentes no mercado\u201d, explicou. <\/p>\n\n\n\n<p>Durante o m\u00f3dulo do curso, o facilitador Fernando abordou temas como tipos de cerimoniais, cerimonial p\u00fablico e privado, composi\u00e7\u00e3o de mesas, as caracter\u00edsticas e fun\u00e7\u00f5es do mestre de cerim\u00f4nias, prepara\u00e7\u00e3o de roteiro, entre outros. <\/p>\n\n\n\n<figure class=\"wp-block-image\"><img decoding=\"async\" width=\"960\" height=\"635\" data-src=\"http:\/\/www.caririemacao.com\/1\/wp-content\/uploads\/2019\/05\/61081784_1554169311385753_1292749151385157632_n.jpg\" alt=\"\" class=\"wp-image-96380 lazyload\" data-srcset=\"https:\/\/www.caririemacao.com\/1\/wp-content\/uploads\/2019\/05\/61081784_1554169311385753_1292749151385157632_n.jpg 960w, https:\/\/www.caririemacao.com\/1\/wp-content\/uploads\/2019\/05\/61081784_1554169311385753_1292749151385157632_n-300x198.jpg 300w, https:\/\/www.caririemacao.com\/1\/wp-content\/uploads\/2019\/05\/61081784_1554169311385753_1292749151385157632_n-768x508.jpg 768w\" data-sizes=\"(max-width: 960px) 100vw, 960px\" src=\"data:image\/svg+xml;base64,PHN2ZyB3aWR0aD0iMSIgaGVpZ2h0PSIxIiB4bWxucz0iaHR0cDovL3d3dy53My5vcmcvMjAwMC9zdmciPjwvc3ZnPg==\" style=\"--smush-placeholder-width: 960px; --smush-placeholder-aspect-ratio: 960\/635;\" \/><\/figure>\n\n\n\n<p>J\u00e9ssica Vieira, representante da organiza\u00e7\u00e3o do curso, os participantes aprenderam a planejar cerimonias considerando a legisla\u00e7\u00e3o vigente, as tradi\u00e7\u00f5es, as regras de etiqueta social e conduta moral e \u00e9tica. Podendo atuar em eventos p\u00fablicos ou privados, empresariais ou sociais, contemplando: inaugura\u00e7\u00f5es, outorga de t\u00edtulos e medalhas, recep\u00e7\u00f5es de comitivas oficiais, posses, falecimentos, lutos oficiais, almo\u00e7os, jantares e coquet\u00e9is, abordando regras de comportamento e etiqueta adequadas para cada tipo de cerim\u00f4nia e de evento.<\/p>\n\n\n\n<p><a href=\"https:\/\/www.facebook.com\/pg\/CaririEmAcao\/photos\/?tab=album&amp;album_id=1554165961386088\">CLIQUE AQUI E VEJA TODAS AS FOTOS.<\/a><\/p>\n","protected":false},"excerpt":{"rendered":"<p>O mercado de eventos \u00e9 respons\u00e1vel por movimentar bilh\u00f5es no pa\u00eds e pela gera\u00e7\u00e3o de milh\u00f5es de empregos. Para se manter em crescimento, os profissionais&hellip; <\/p>\n","protected":false},"author":2,"featured_media":96382,"comment_status":"closed","ping_status":"closed","sticky":false,"template":"","format":"standard","meta":{"sfsi_plus_gutenberg_text_before_share":"","sfsi_plus_gutenberg_show_text_before_share":"","sfsi_plus_gutenberg_icon_type":"","sfsi_plus_gutenberg_icon_alignemt":"","sfsi_plus_gutenburg_max_per_row":"","footnotes":""},"categories":[50,2],"tags":[],"class_list":["post-96374","post","type-post","status-publish","format-standard","has-post-thumbnail","hentry","category-destaque","category-geral"],"_links":{"self":[{"href":"https:\/\/www.caririemacao.com\/1\/wp-json\/wp\/v2\/posts\/96374","targetHints":{"allow":["GET"]}}],"collection":[{"href":"https:\/\/www.caririemacao.com\/1\/wp-json\/wp\/v2\/posts"}],"about":[{"href":"https:\/\/www.caririemacao.com\/1\/wp-json\/wp\/v2\/types\/post"}],"author":[{"embeddable":true,"href":"https:\/\/www.caririemacao.com\/1\/wp-json\/wp\/v2\/users\/2"}],"replies":[{"embeddable":true,"href":"https:\/\/www.caririemacao.com\/1\/wp-json\/wp\/v2\/comments?post=96374"}],"version-history":[{"count":1,"href":"https:\/\/www.caririemacao.com\/1\/wp-json\/wp\/v2\/posts\/96374\/revisions"}],"predecessor-version":[{"id":96384,"href":"https:\/\/www.caririemacao.com\/1\/wp-json\/wp\/v2\/posts\/96374\/revisions\/96384"}],"wp:featuredmedia":[{"embeddable":true,"href":"https:\/\/www.caririemacao.com\/1\/wp-json\/wp\/v2\/media\/96382"}],"wp:attachment":[{"href":"https:\/\/www.caririemacao.com\/1\/wp-json\/wp\/v2\/media?parent=96374"}],"wp:term":[{"taxonomy":"category","embeddable":true,"href":"https:\/\/www.caririemacao.com\/1\/wp-json\/wp\/v2\/categories?post=96374"},{"taxonomy":"post_tag","embeddable":true,"href":"https:\/\/www.caririemacao.com\/1\/wp-json\/wp\/v2\/tags?post=96374"}],"curies":[{"name":"wp","href":"https:\/\/api.w.org\/{rel}","templated":true}]}}