{"id":96379,"date":"2019-05-25T07:09:06","date_gmt":"2019-05-25T10:09:06","guid":{"rendered":"http:\/\/www.caririemacao.com\/1\/?p=96379"},"modified":"2019-05-25T07:17:35","modified_gmt":"2019-05-25T10:17:35","slug":"cidade-do-cariri-confirma-ato-em-apoio-as-principais-propostas-do-governo-bolsonaro","status":"publish","type":"post","link":"https:\/\/www.caririemacao.com\/1\/2019\/05\/25\/cidade-do-cariri-confirma-ato-em-apoio-as-principais-propostas-do-governo-bolsonaro\/","title":{"rendered":"Cidade do Cariri confirma ato em apoio \u00e0s principais propostas do governo Bolsonaro"},"content":{"rendered":"\n<p>Foi divulgada uma compilada e atualizada lista das manifesta\u00e7\u00f5es que acontecer\u00e1 no pr\u00f3ximo domingo, 26 de maio, organizado pela popula\u00e7\u00e3o, em apoio \u00e0s principais propostas do governo Bolsonaro.<\/p>\n\n\n\n<p>At\u00e9 \u00e0s 12h desta sexta-feira, mais de 350 cidades j\u00e1 tinham sido confirmadas, inclusive na regi\u00e3o do Cariri e tamb\u00e9m fora do Brasil.<\/p>\n\n\n\n<p>A lista mostra a for\u00e7a do engajamento da popula\u00e7\u00e3o em defesa das propostas do governo, incluindo seis atos nos EUA, um no Canad\u00e1 e outro na Argentina.<\/p>\n\n\n\n<p>S\u00e3o Jo\u00e3o do Cariri ser\u00e1 o \u00fanico munic\u00edpio da regi\u00e3o do Cariri que realizar\u00e1 manifesta\u00e7\u00e3o de apoio \u00e0s reformas do Governo Bolsonaro. O ato acontecer\u00e1 \u00e0s 11h do domingo , no centro da cidade.<\/p>\n\n\n\n<p>Em listas de outros portais, algumas cidades da Europa tamb\u00e9m est\u00e3o inclusas.<\/p>\n\n\n\n<p>Linha de defesa<\/p>\n\n\n\n<p>As pautas centrais da manifesta\u00e7\u00e3o s\u00e3o:<\/p>\n\n\n\n<p>1) Aprova\u00e7\u00e3o da Reforma da Previd\u00eancia<\/p>\n\n\n\n<p>2) Aprova\u00e7\u00e3o imediata da MP 870 da Reforma da Administrativa<\/p>\n\n\n\n<p>3) Aprova\u00e7\u00e3o do pacote anticrime<\/p>\n\n\n\n<p>4) COAF no comando do min. S\u00e9rgio Moro<\/p>\n\n\n\n<p>Quer saber onde ocorrer\u00e1 a manifesta\u00e7\u00e3o na sua cidade, local e hor\u00e1rio?<\/p>\n\n\n\n<p>Abaixo, segue a lista completa do Avan\u00e7a Brasil.<\/p>\n\n\n\n<p>Lista atualizada das cidades (26\/05):<\/p>\n\n\n\n<p>Regi\u00e3o Centro-Oeste<\/p>\n\n\n\n<p>DF \u2013 BRAS\u00cdLIA, Esplanada dos Minist\u00e9rios \u2013 10h<br>DF \u2013 CEIL\u00c2NDIA, Esplanada dos Minist\u00e9rios \u2013 10h<br>GO \u2013 \u00c1GUAS LINDAS DE GOI\u00c1S, A definir \u2013 12h<br>GO \u2013 AN\u00c1POLIS, Pra\u00e7a Dom Emanuel \u2013 15h<br>GO \u2013 GOI\u00c2NIA, Em frente a Pol\u00edcia Federal \u2013 15h<br>GO \u2013 JABUTICABA AZUL, Pra\u00e7a do Centro \u2013 ??<br>GO \u2013 LUZIANIA, Centro de Conven\u00e7\u00f5es\/Prefeitura \u2013 15h<br>GO \u2013 NOVO GAMA, Esplanada \u2013 9h<br>GO \u2013 RIO VERDE, Pra\u00e7a Igreja da Matriz, 14h<br>GO \u2013 S\u00c3O JO\u00c3O DA PARA\u00daNA, Av. Linha Verde \u2013 11h<br>MS \u2013 AQUIDAUANA, Pra\u00e7a dos Estudantes \u2013 9h<br>MS \u2013 BODOQUENA, Av. Manoel Rodrigues Oliveira \u2013 15h<br>MS \u2013 JARDIM, Pra\u00e7a do Encontro \u2013 15h<br>MS \u2013 CAMPO GRANDE, Av. Afonso Pena \u2013 15h<br>MS \u2013 DOURADOS, Pra\u00e7a Ant\u00f4nio Jo\u00e3o \u2013 15h<br>MS \u2013 JARDIM, Pra\u00e7a do Encontro \u2013 15h<br>MS \u2013 MIRANDA, Pra\u00e7a Agenor Carrilho \u2013 14h<br>MS \u2013 TR\u00caS LAGOAS, Pra\u00e7a Ramez Tebet \u2013 13h<br>MT \u2013 ARAGUAINHA, Av. Carlos Lacerda \u2013 11h<br>MT \u2013 C\u00c1CERES, Pra\u00e7a Bar\u00e3o do Rio Branco \u2013 10h<br>MT \u2013 COLIDER, Lago \u2013 14h<br>MT \u2013 CUIAB\u00c1, Pra\u00e7a das Bandeiras \u2013 15h<br>MT \u2013 NOVA MUTUM, Pra\u00e7a da B\u00edblia \u2013 16h<br>MT \u2013 RONDON\u00d3POLIS, Lion Internacional \u2013 16h<\/p>\n\n\n\n<p>Regi\u00e3o Nordeste<\/p>\n\n\n\n<p>AL \u2013 MACEI\u00d3, Corredor Vera Arruda \u2013 9h<br>BA \u2013 CAMA\u00c7ARI, Pra\u00e7a Montenegro \u2013 9h<br>BA \u2013 ALAGOINHAS, Pra\u00e7a Rui Barbosa \u2013 9:30h<br>BA \u2013 BARREIRAS, Pra\u00e7a das Corujas \u2013 17h<br>BA \u2013 EUN\u00c1POLIS, Pra\u00e7a da Bandeira \u2013 10h<br>BA \u2013 FEIRA DE SANTANA, Pra\u00e7a Get\u00falio Vargas \u2013 9:30h<br>BA \u2013 GUANABI, Pra\u00e7a do Feij\u00e3o \u2013 9h<br>BA \u2013 ITABUNA, Al. da Juventude M\u00f3dulo Center \u2013 10h<br>BA \u2013 JAGUARI, Pra\u00e7a Principal \u2013 10h<br>BA \u2013 JAGUAR\u00cd, Pra\u00e7a Principal \u2013 10h<br>BA \u2013 JEQUI\u00c9, Pra\u00e7a da Bandeira \u2013 9h<br>BA \u2013 JUAZEIRO, Pra\u00e7a do Giradouro \u2013 16h<br>BA \u2013 NOVA VI\u00c7OSA, Centro \u2013 16:30h<br>BA \u2013 PAULO AFONSO, Pra\u00e7a da B\u00edblia \u2013 15h<br>BA \u2013 PORTO SEGURO, Pra\u00e7a do Rel\u00f3gio \u2013 15h<br>BA \u2013 SALVADOR, Farol da Barra \u2013 9:30h<br>BA \u2013 SANTO ANT\u00d4NIO DE JESUS, P\u00e7 Padre Mateus \u2013 9:30h<br>BA \u2013 TEIXEIRA DE FREITAS, A confirmar \u2013 16h<br>BA \u2013 UBAT\u00c3, Pra\u00e7a Principal \u2013 14h<br>BA \u2013 VIT\u00d3RIA DA CONQUISTA, P\u00e7 Guadalajara \u2013 9h<br>CE \u2013 FORTALEZA, Pra\u00e7a Portugal \u2013 16h<br>CE \u2013 LINDOIA (a confirmar??), Centro \u2013 10h<br>MA \u2013 A\u00c7AIL\u00c2NDIA, Pra\u00e7a do Mercado \/ A\u00e7ai Hotel \u2013 16h<br>MA \u2013 BEQUIM\u00c3O, Pra\u00e7a do Cemit\u00e9rio, 8h<br>MA \u2013 CAXIAS, Pra\u00e7a Pantheon, 15h<br>MA \u2013 IMPERATRIZ, Pra\u00e7a da Cultura \u2013 9h<br>MA \u2013 S\u00c3O LU\u00cdS, Praia do Pescador \/ Av. Litoranea \u2013 9h<br>PB \u2013 ALGOD\u00c3O DE JANDA\u00cdRA, Pal\u00e1cio do Governo \u2013 11h<br>PB \u2013 BOM JESUS, Av. Rui Guerra \u2013 11h<br>PB \u2013 CAMPINA GRANDE, Pra\u00e7a das Bandeiras \u2013 16h<br>PB \u2013 CONDE, Pra\u00e7a do Conde \u2013 16h<br>PB \u2013 JO\u00c3O PESSOA, Busto Tamandar\u00e9 \u2013 16h<br>PB \u2013 QUIXABA, Casa Grande \u2013 11h<br><strong>PB \u2013 S\u00c3O JO\u00c3O DO CARIRI, Centro \u2013 11h<\/strong><br>PB \u2013 S\u00c3O JOS\u00c9 DO BREJO DO CRUZ, Cagu\u00e1 \u2013 9:30h<br>PE \u2013 ARCOVERDE, P\u00e7 da Bandeira \/ Bandeirante \u2013 14h<br>PE \u2013 CARUARU, Em frente ao Grande Hotel \u2013 9h<br>PE \u2013 PETROLINA, Pra\u00e7a Dom Malan, 16h<br>PE \u2013 RECIFE, Frente Padaria Boa Viagem \u2013 14h<br>PE \u2013 SERRA TALHADA, Centro \u2013 16h<br>PI \u2013 PARNA\u00cdBA, Matriz S\u00e3o Sebasti\u00e3o \u2013 16h<br>PI \u2013 PIRIPIRI, Pra\u00e7a da Bandeira \u2013 ??h<br>PI \u2013 SANTO ANT\u00d4NIO DOS MILAGRES, Prefeitura \u2013 11h<br>PI \u2013 TERESINA, Estaiada \u2013 16h<br>RN \u2013 CAIC\u00d3, Pra\u00e7a de Alimenta\u00e7\u00e3o \u2013 15:30h<br>RN \u2013 CARA\u00daBAS, Centro \u2013 17h<br>RN \u2013 MONTE DAS GAMELEIRAS, Capeia \u2013 11h<br>RN \u2013 MOSSOR\u00d3, Teatro Dix Rosado \u2013 17h<br>RN \u2013 NATAL, Midway Mall \u2013 15h<br>RN \u2013 VI\u00c7OSA, Campo Grande \u2013 ?<br>SE \u2013 ARACAJU, Cal\u00e7ad\u00e3o \u2013 13h<br>SE \u2013 ITABAIANA, Pra\u00e7a Jo\u00e3o Pessoa \u2013 14h<br>SE \u2013 MARACANGAIO, Tom\u00e1s de Aquino \u2013 11h<\/p>\n\n\n\n<p>Regi\u00e3o Norte<\/p>\n\n\n\n<p>AC \u2013 RIO BRANCO, Em frente Pal\u00e1cio Rio Branco \u2013 16h<br>AM \u2013 MANAUS, Praia da Ponta Negra \u2013 9h<br>AP \u2013 MACAP\u00c1, Parque do Forte \/ Fortaleza S\u00e3o Jos\u00e9 \u2013 16h<br>PA \u2013 ALTAMIRA, Pra\u00e7a do Polivalente \u2013 9h<br>PA \u2013 BEL\u00c9M, Pra\u00e7a da Rep\u00fablica \/DOCAS \u2013 9h<br>PA \u2013 BRAGAN\u00c7A \u2013 Pra\u00e7a de Eventos -9h<br>PA \u2013 CANA\u00c3 DOS CARAJ\u00c1S, Pra\u00e7a Central \u2013 18h<br>PA \u2013 MARAB\u00c1, N\u00facleo Cidade Nova \u2013 15h<br>PA \u2013 MOJU, Pra\u00e7a Jarbas Passarinho \u2013 14h<br>PA \u2013 PARAUPEBAS, Bambuzal, 16h<br>PA \u2013 SANTAR\u00c9M, Orla de Santar\u00e9m \/ P\u00e7 Pescador \u2013 17h<br>PA \u2013 VIGIA, Posto Boa Vista \u2013 16h<br>RO \u2013 ARIQUEMES, Pra\u00e7a da Vit\u00f3ria, 9h<br>RO \u2013 JARDEL, Espa\u00e7o Alternativo \u2013 16h<br>RO \u2013 JI-PARAN\u00c1, Av. Marechal Rondon\/EUCATUR \u2013 16h<br>RO \u2013 PORTO VELHO, Espa\u00e7o Alternativo \u2013 16h<br>RO \u2013 SUSUARANA, Centro \u2013 12h<br>RR \u2013 BOA VISTA, Pra\u00e7a do Centro C\u00edvico \u2013 16h<br>TO \u2013 PALMAS, Pra\u00e7a dos Girass\u00f3is \u2013 16h<\/p>\n\n\n\n<p>Regi\u00e3o Sul<\/p>\n\n\n\n<p>PR \u2013 APUCARANA, Pra\u00e7a Rui Barbosa \u2013 15h<br>PR \u2013 ASSIS CHATEAUBRIAND, Prefeitura \u2013 14h<br>PR \u2013 CASCAV\u00c9L, Catedral Nossa Senhora Aparecida \u2013 15h<br>PR \u2013 CURITIBA, Boca Maldita \u2013 14:30h<br>PR \u2013 FOZ DO IGUA\u00c7\u00da, Pra\u00e7a do Mitre \u2013 10h<br>PR \u2013 GUARAPUAVA, Pra\u00e7a Cleve \u2013 14:30h<br>PR \u2013 IPOR\u00c3, Pra\u00e7a Na\u00e7\u00f5es Unidas \u2013 14h<br>PR \u2013 JARDIM OLINDA, Av. Principal -10h<br>PR \u2013 LONDRINA, Av. JK c\/Higien\u00f3polis Rotat\u00f3ria \u2013 15h<br>PR \u2013 MARECHAL C\u00c2NDIDO RONDON, Rotat\u00f3ria das Avenidas \u2013 15h<br>PR \u2013 MARING\u00c1, Na Catedral \u2013 15h<br>PR \u2013 MATINHOS, Pra\u00e7a Central \u2013 15h<br>PR \u2013 MEDIANEIRA, Pra\u00e7a Central \u2013 14h<br>PR \u2013 MIRASELVA, Curicica \u2013 9h<br>PR \u2013 PARANAGU\u00c1, Pra\u00e7a 29 M\u00e1rio Roque \u2013 18h<br>PR \u2013 PATO BRANCO, Pra\u00e7a da Igreja S\u00e3o Pedro \u2013 15h<br>PR \u2013 PONTA GROSSA, Pra\u00e7a dos Polacos \u2013 15h<br>PR \u2013 PRUDENT\u00d3POLIS, Queimadas \u2013 10h<br>PR \u2013 RIO NEGRO, Pra\u00e7a Central \u2013 15h<br>PR \u2013 SANTA IN\u00caS, Cooperativa CCPD \u2013 15h<br>PR \u2013 SUPERAGUI, Trapiche Central- 11h<br>PR \u2013 TOLEDO, Lago Municipal\/D. Pedro II \u2013 16h<br>PR \u2013 UMUARAMA, Pra\u00e7a \u2013 14h<br>PR \u2013 URSOLINDA, Centro do Mundo \u2013 13:30h<br>RS \u2013 CANOAS, Pra\u00e7a do Avi\u00e3o \u2013 15h<br>RS \u2013 ALEGRETE, Pra\u00e7a Principal \u2013 16h<br>RS \u2013 ALEXANDRE GOTTARDO, Largo Dr. Pio \u2013 14h<br>RS \u2013 BAG\u00c9, Pra\u00e7a dos Esportes \u2013 16h<br>RS \u2013 BENTO GON\u00c7ALVES, Av. Planalto \u2013 15h<br>RS \u2013 CACHOEIRINHA, Parc\u00e3o \u2013 15h<br>RS \u2013 CAP\u00c3O DO FUNDO, Centro \u2013 11h<br>RS \u2013 CAXIAS DO SUL, Pra\u00e7a Dante \u2013 15:30h<br>RS \u2013 CANGU\u00c7U, Prefeitura Municipal \u2013 13h<br>RS \u2013 GARIBALDI, Esquina Posto Shell\/Av Independ\u00eancia \u2013 15h<br>RS \u2013 GENTIL, Bondinho \u2013 19h<br>RS \u2013 GUABIJU, Prefeitura \u2013 11h<br>RS \u2013 IJU\u00cd, Pra\u00e7a da Rep\u00fablica \u2013 15h<br>RS \u2013 JAGUAR\u00c3O, Ponte Internacional Mau\u00e1 \u2013 8:30h<br>RS \u2013 LAJEADO, Parque dos Dick, 14:30h<br>RS \u2013 NOVO HAMBURGO, Pra\u00e7a Punta Del Leste\/Bourbon \u2013 15h<br>RS \u2013 OS\u00d3RIO, Pra\u00e7a das Carretas \u2013 15h<br>RS \u2013 PASSO FUNDO, Pra\u00e7a Tamandar\u00e9 \u2013 15h<br>RS \u2013 PELOTAS, Pra\u00e7a Cel. Pedro Os\u00f3rio \/ Em frente a Prefeitura \u2013 15h<br>RS \u2013 PORTO ALEGRE, Parc\u00e3o \u2013 15h<br>RS \u2013 QUATRO IRM\u00c3OS, Suduripa \u2013 11h<br>RS \u2013 SANTA CRUZ DO SUL, Pra\u00e7a da Bandeira \u2013 15h<br>RS \u2013 SANTA MARIA, Pra\u00e7a Saldanha Marinho \u2013 15h<br>RS \u2013 SANTO \u00c2NGELO, Pra\u00e7a Pinheiro Machado \u2013 15h<br>RS \u2013 S\u00c3O LEOPOLDO, Pra\u00e7a Central \u2013 15h<br>RS \u2013 S\u00c3O LOUREN\u00c7O DO SUL, Pra\u00e7a Central \u2013 14:30h<br>RS \u2013 S\u00c3O LUIS GONZAGA, Pra\u00e7a Cincero, 16h<br>RS \u2013 TORRES, Prainha\/Pra\u00e7a XV \u2013 14h<br>RS \u2013 URUGUAIANA, Av. Duque de Caxias \u2013 16h<br>RS \u2013 VEN\u00c2NCIO AIRES, Pra\u00e7a da Bandeira \u2013 15h<br>RS \u2013 VIAM\u00c3O, Igreja Matriz \u2013 14h<br>SC \u2013 ARARANGU\u00c1, Rel\u00f3gio do Sol \u2013 15h<br>SC \u2013 BARRA VELHA, Pra\u00e7a Lauro Loyola \u2013 16h<br>SC \u2013 BLUMENAU, Em frente \u00e0 Prefeitura \u2013 16h<br>SC \u2013 CAMBORI\u00da, Pra\u00e7a Higinio Pio \u2013 15h<br>SC \u2013 CANOINHAS, Igreja Matriz \u2013 16h<br>SC \u2013 CHAPEC\u00d3, Pra\u00e7a Cel. Bertaso \u2013 15h<br>SC \u2013 COCAL DO SUL, Centro \u2013 15h<br>SC \u2013 CONC\u00d3RDIA, Pra\u00e7a Degelo Goss \u2013 16h<br>SC \u2013 CRICI\u00daMA, Parque das Na\u00e7\u00f5es \u2013 16h<br>SC \u2013 DION\u00cdSIO CERQUEIRA, Centro \u2013 14h<br>SC \u2013 FLORIAN\u00d3POLIS, na frente da Catedral Metropolitana (Centro) \u2013 16h<br>SC \u2013 GASPAR, Igreja Matriz \u2013 9h<br>SC \u2013 GAROPABA, Praia Central \u2013 15h<br>SC \u2013 HERVAL D\u2019OESTE, Pra\u00e7a da Rede Ferrovi\u00e1ria \u2013 14h<br>SC \u2013 ITAJA\u00cd, Beira Rio \u2013 15h<br>SC \u2013 ITAPEMA, Av. Nereu Ramos \u2013 15h<br>SC \u2013 JARAGU\u00c1 DO SUL, Pra\u00e7a Angelo Piazera \u2013 16h<br>SC \u2013 JOINVILLE, Pra\u00e7a da Bandeira \u2013 16h<br>SC \u2013 LAGES, Mon. Correia Pinto \u2013 16h<br>SC \u2013 MAFRA, Posto Mallon \u2013 14h<br>SC \u2013 PALMEIRA, Pra\u00e7a do Bumba \u2013 11h<br>SC \u2013 PINHALZINHO, Pra\u00e7a Central \u2013 10h<br>SC \u2013 PONTE ALTA, Pra\u00e7a Central \u2013 15h<br>SC \u2013 PORTO UNI\u00c3O, Pra\u00e7a do Chafariz \u2013 15h<br>SC \u2013 PRESIDENTE GETULIO, Pra\u00e7a Otto Muller \u2013 16h<\/p>\n\n\n\n<p>Regi\u00e3o Sudeste<\/p>\n\n\n\n<p>ES \u2013 BOM JESUS DO NORTE, Centro \u2013 10h<br>ES \u2013 CACHOEIRO DE ITAPEMIRIM, Centro \u2013 10h<br>ES \u2013 GUARAPARI, Posto do Dino \u2013 16h<br>ES \u2013 MARATA\u00cdZES, Em frente ao F\u00f3rum \u2013 14h<br>ES \u2013 SERRA, Centro \u2013 8:30h<br>ES \u2013 VILA VELHA, Posto Moby Dick \u2013 15h<br>ES \u2013 VIT\u00d3RIA, Pra\u00e7a do Papa \u2013 16h<br>MG \u2013 ALFENAS, Pra\u00e7a Get\u00falio \u2013 10h<br>MG \u2013 ARAX\u00c1, Porta do Est\u00e1dio Fausto \u2013 14h<br>MG \u2013 BARBACENA, Pra\u00e7a da Esta\u00e7\u00e3o \u2013 10h<br>MG \u2013 BELO HORIZONTE, Pra\u00e7a da Liberdade \u2013 10h<br>MG \u2013 BRAS\u00cdLIA DE MINAS, P\u00e7 Francisco de Paula MATRIZ \u2013 9h<br>MG \u2013 CACHOEIRA DOURADA, Fund\u00e3o \u2013 12h<br>MG \u2013 DIVIN\u00d3POLIS, Pra\u00e7a Santu\u00e1rio \u2013 15h<br>MG \u2013 \u00adDOURADO, Pra\u00e7a Ant\u00f4nio Jo\u00e3o \u2013 15h<br>MG \u2013 GONZAGA, Rua Ant\u00f4nio Perp\u00e9tuo \u2013 10h<br>MG \u2013 GOVERNADOR VALADARES, Pra\u00e7a dos Pioneiros \u2013 9:30h<br>MG \u2013 IPATINGA, Trevo do Cana\u00e3 \/ Esta\u00e7\u00e3o do Chopp \u2013 9:30h<br>MG \u2013 ITABIRA, Pra\u00e7a Acr\u00edsio \u2013 CENTRO \u2013 9h<br>MG \u2013 ITAJUB\u00c1. Pra\u00e7a Theodomiro Santiago \u2013 14h<br>MG \u2013 ITAPECERICA, Pra\u00e7a do Coreto \u2013 14h<br>MG \u2013 ITA\u00daNA, Pra\u00e7a da Matriz \u2013 15h<br>MG \u2013 JANA\u00daBA, Pra\u00e7a da Igreja Cat\u00f3lica -Santa Cruz \u2013 9h<br>MG \u2013 JO\u00c3O MONLEVADE, Pra\u00e7a do Lindinho, 10h<br>MG \u2013 JUIZ DE FORA, Parque Halfeld \u2013 10h<br>MG \u2013 LAVRAS, Pra\u00e7a Augusto da Silva \u2013 10h<br>MG \u2013 MANHUA\u00c7U, Sa\u00edda em frente Heringer\/BR 262 \u2013 10h<br>MG \u2013 MONTES CLAROS, Av. Sanit\u00e1ria \/ SENAC \u2013 10h<br>MG \u2013 MURIA\u00c9, Cristo Redentor \u2013 14h<br>MG \u2013 PASSA VINTE, Tenda da Pra\u00e7a \u2013 10h<br>MG \u2013 PASSOS, Em frente a UEMG \u2013 10h<br>MG \u2013 PATOS DE MINAS, P\u00e7 Champagnat\/Col\u00e9gio Marista \u2013 10h<br>MG \u2013 PATROC\u00cdNIO, Pra\u00e7a Santa Luzia, 15h<br>MG \u2013 SANTA LUZIA, P\u00e7 da Juventude\/Cj. Cristina \u2013 9:30h<br>MG \u2013 SANTO ANT\u00d4NIO DO RIO ABAIXO, P\u00e7 Central \u2013 10h<br>MG \u2013 S\u00c3O JO\u00c3O DEL REI, Pra\u00e7a da Esta\u00e7\u00e3o \u2013 10h<br>MG \u2013 S\u00c3O JOAQUIM DE BICAS, Marginal da cidade \u2013 14h<br>MG \u2013 S\u00c3O SEBASTI\u00c3O DO PARA\u00cdSO, Pra\u00e7a da Matriz \u2013 14h<br>MG \u2013 SETE LAGOAS, CAT \u2013 15h<br>MG \u2013 TR\u00caS CORA\u00c7\u00d5ES, P\u00e7 Odilon Resende Andrade \u2013 10h<br>MG \u2013 UB\u00c1, Sa\u00edda da Carreata em frente a FIAT \u2013 16h<br>MG \u2013 UBERABA, Pra\u00e7a Por do Sol, 10h<br>MG \u2013 UBERL\u00c2NDIA, Pra\u00e7a Clarimundo Carneiro, 15h<br>RJ \u2013 ANGRA DOS REIS, Pra\u00e7a do Pap\u00e3o Lanches \u2013 14h<br>RJ \u2013 BARRA DO PIRA\u00cd, Largo da Freira \u2013 14h<br>RJ \u2013 BARRA MANSA, A confirmar \u2013 10h<br>RJ \u2013 BOM JESUS DO ITABAPOANA, Pra\u00e7a Gov. Portela \u2013 15h<br>RJ \u2013 B\u00daZIOS, Carreata P\u00e7 INEFI at\u00e9 Pra\u00e7a da Ferradura \u2013 14h<br>RJ \u2013 CABO FRIO, Pra\u00e7a da Cidadania\/\u00c1guas \u2013 14h<br>RJ \u2013 CAMPO DOS GOYTACAZES, P\u00e7 S\u00e3o Salvador \u2013 13h<br>RJ \u2013 ITABORA\u00cd, Pra\u00e7a \u2013 10h<br>RJ \u2013 ITAPERUNA, Concha Ac\u00fastica \u2013 15h<br>RJ \u2013 MACA\u00c9, Praia dos Cavaleiros -10h<br>RJ \u2013 NITER\u00d3I, Praia de Icara\u00ed \u2013 10h<br>RJ \u2013 NOVA IGUA\u00c7\u00da, Em frente a Prefeitura \u2013 9h<br>RJ \u2013 PETR\u00d3POLIS, P\u00e7 Dom Pedro Centro \u2013 13h<br>RJ \u2013 PIRA\u00cd, Pra\u00e7a da Pregui\u00e7a CENTRO \u2013 10h<br>RJ \u2013 RIO DAS OSTRAS, Pra\u00e7a do Centro \u2013 15h<br>RJ \u2013 RIO DE JANEIRO, Orla da Praia de Copacabana em frente a Rua Xavier da Silveira (rua da Esta\u00e7\u00e3o Cantagalo) \u2013 10h<br>RJ \u2013 SANTO ANT\u00d4NIO DE P\u00c1DUA, P\u00e7 Pereira Lima \u2013 10h<br>RJ \u2013 S\u00c3O LEOPOLDO, Pra\u00e7a Central, 15h<br>RJ \u2013 TERES\u00d3POLIS, Pra\u00e7a Regatas \u2013 15h<br>RJ \u2013 TR\u00caS RIOS, Av. Pref Alberto da Silva Lavinas \u2013 15h<br>SP \u2013 AMERICANA, Av. Campos Salles, 14h<br>SP \u2013 MOGI GUA\u00c7U, Parque dos Ing\u00e1s \u2013 10h<br>SP \u2013 REGENTE FEIJ\u00d3, Frente Gin\u00e1sio Esportes \u2013 10h<br>SP \u2013 ARA\u00c7ATUBA, Em frente a HAVAN \u2013 10h<br>SP \u2013 ARARAQUARA, Parque Infantil \u2013 14h<br>SP \u2013 ASSIS, Em frente ao DER \u2013 14h<br>SP \u2013 ATIBAIA, Lago do Tabo\u00e3o \u2013 10h<br>SP \u2013 BARUERI, Av. Paulista \u2013 FIESP \u2013 14h<br>SP \u2013 BAURU, A confirmar \u2013 10h<br>SP \u2013 BIRIGUI, Alto da Av. 9 de Julho \u2013 9h<br>SP \u2013 BOTUCATU, Pra\u00e7a da Catedral \u2013 15h<br>SP \u2013 BRAGAN\u00c7A PAULISTA, Lago do Tabo\u00e3o \u2013 10h<br>SP \u2013 CAMPINAS, Largo do Ros\u00e1rio \u2013 9:30h<br>SP \u2013 FRANCA, Pra\u00e7a da Matriz \u2013 14h<br>SP \u2013 FERNAD\u00d3POLIS, Pra\u00e7a da Matriz \u2013 10h<br>SP \u2013 GUA\u00cdRA, Centro \u2013 9h<br>SP \u2013 GUARATINGUET\u00c1, Av. Pres. Get\u00falio Vargas \u2013 10h<br>SP \u2013 GUARIBA, Parque dos Lagos PRAINHA \u2013 14h<br>SP \u2013 GUARUJ\u00c1, Vicente de Carvalho\/Pra\u00e7a 14Bis \u2013 14h<br>SP \u2013 ILHA BELA, centro \u2013 15h<br>SP \u2013 INDAIATUBA, Parque Ecol\u00f3gico \u2013 10h<br>SP \u2013 ITAPEVA, Pra\u00e7a de Eventos \u2013 14h<br>SP \u2013 ITATIBA, Pra\u00e7a da Bandeira \u2013 13h<br>SP \u2013 JABOTICABAL, Pra\u00e7a 9 de Julho \u2013 15h<br>SP \u2013 JACARE\u00cd, Centro \u2013 10h<br>SP \u2013 JALES, Pra\u00e7a e Av. Central \u2013 9h<br>SP \u2013 JA\u00da, Pra\u00e7a do Beco \u2013 15h<br>SP \u2013 JUNDIA\u00cd, Av. 9 de Julho \u2013 10h ou 14h<br>SP \u2013 LIMEIRA, Pra\u00e7a Toledo Barros \u2013 14h<br>SP \u2013 LINS, Av. Floriano Peixoto \u2013 14h<br>SP \u2013 LINS, Rotat\u00f3ria Entrada \u2013 10h<br>SP \u2013 MAR\u00cdLIA, Av. Tancredo Neves CENTRO \u2013 9h<br>SP \u2013 MAT\u00c3O, Lago do Gin\u00e1sio de Esportes \u2013 15:30h<br>SP \u2013 MOGI DAS CRUZES, Av. C\u00edvica \u2013 10h<br>SP \u2013 MOGI MIRIM, Lago do Lavap\u00e9s \u2013 9h<br>SP \u2013 NOVA ODESSA, Pra\u00e7a Gazzetta \u2013 18h<br>SP \u2013 OSVALDO CRUZ, Rotat\u00f3ria do Cristo \u2013 8:30h<br>SP \u2013 OURINHOS, Pra\u00e7a dos Burgueses \u2013 15h<br>SP \u2013 PAUL\u00cdNIA, Centro \u2013 10h<br>SP \u2013 PEN\u00c1POLIS, Santa Leonor \u2013 14h<br>SP \u2013 PINDAMONHANGABA, Pra\u00e7a da Cascata \u2013 14h<br>SP \u2013 PIRACICABA, Pra\u00e7a Jos\u00e9 Bonif\u00e1cio \u2013 10h<br>SP \u2013 PIRASSUNUNGA, Pra\u00e7a Central \u2013 10h<br>SP \u2013 PRESIDENTE PRUDENTE, Av. 14 de Setembro\/TV \u2013 14h<br>SP \u2013 RIBEIR\u00c3O PRETO, Av. 9 de Julho 299 \/RECRA \u2013 10h<br>SP \u2013 RIO CLARO, Pra\u00e7a Dalva de Oliveira \u2013 14h<br>SP \u2013 SANTA F\u00c9 DO SUL, Estacionamento UNIFUNEC \u2013 10h<br>SP \u2013 SANTA RITA DO PASSA QUATRO, P\u00c7 Redonda \u2013 16h<br>SP \u2013 SANTO ANDR\u00c9, Pa\u00e7o Municipal \u2013 14h<br>SP \u2013 SANTOS, Pra\u00e7a da Independ\u00eancia \u2013 15h<br>SP \u2013 S\u00c3O BERNARDO DO CAMPO, Pra\u00e7a da Matriz \u2013 10h<br>SP \u2013 S\u00c3O CARLOS, Pra\u00e7a do Mercado Municipal \u2013 9h<br>SP \u2013 S\u00c3O JOS\u00c9 DO RIO PRETO, Mercad\u00e3o \/ Prefeitura\u2013 11h<br>SP \u2013 S\u00c3O JOS\u00c9 DOS CAMPOS \u2013 Pra\u00e7a Vicentina Aranha, 14h<br>SP \u2013 S\u00c3O PAULO, Av. Paulista \/ FIESP \u2013 14h<br>SP \u2013 SOROCABA, Pa\u00e7o Municipal \u2013 9h<\/p>\n\n\n\n<p>Exterior<\/p>\n\n\n\n<p>ARGENTINA \u2013 BUENOS AIRES, Em frente \u00e0 Embaixada \u2013 14h<br>CANAD\u00c1 \u2013 TORONTO, Dufferin Grove \u2013 11h<br>EUA \u2013 BOSTON, Estacionamento da Target, Everett \u2013 13h<br>EUA \u2013 NOVA YORK, Times Square \/ Escada da Coca \u2013 12h<br>EUA \u2013 MIAMI, Bayside Downtown, 10h<br>EUA \u2013 MIRAMAR, Miramar Regional PKWY 16801 Pavilh\u00e3o 3, 14h<br>EUA \u2013 NEWARK, 46 Ferry St \u2013 11h<br>EUA \u2013 WASHINGTON DC, Embaixada do Brasil \u2013 14h<\/p>\n","protected":false},"excerpt":{"rendered":"<p>Foi divulgada uma compilada e atualizada lista das manifesta\u00e7\u00f5es que acontecer\u00e1 no pr\u00f3ximo domingo, 26 de maio, organizado pela popula\u00e7\u00e3o, em apoio \u00e0s principais propostas&hellip; <\/p>\n","protected":false},"author":1,"featured_media":96390,"comment_status":"closed","ping_status":"closed","sticky":false,"template":"","format":"standard","meta":{"sfsi_plus_gutenberg_text_before_share":"","sfsi_plus_gutenberg_show_text_before_share":"","sfsi_plus_gutenberg_icon_type":"","sfsi_plus_gutenberg_icon_alignemt":"","sfsi_plus_gutenburg_max_per_row":"","footnotes":""},"categories":[6,50],"tags":[],"class_list":["post-96379","post","type-post","status-publish","format-standard","has-post-thumbnail","hentry","category-cidades","category-destaque"],"_links":{"self":[{"href":"https:\/\/www.caririemacao.com\/1\/wp-json\/wp\/v2\/posts\/96379","targetHints":{"allow":["GET"]}}],"collection":[{"href":"https:\/\/www.caririemacao.com\/1\/wp-json\/wp\/v2\/posts"}],"about":[{"href":"https:\/\/www.caririemacao.com\/1\/wp-json\/wp\/v2\/types\/post"}],"author":[{"embeddable":true,"href":"https:\/\/www.caririemacao.com\/1\/wp-json\/wp\/v2\/users\/1"}],"replies":[{"embeddable":true,"href":"https:\/\/www.caririemacao.com\/1\/wp-json\/wp\/v2\/comments?post=96379"}],"version-history":[{"count":2,"href":"https:\/\/www.caririemacao.com\/1\/wp-json\/wp\/v2\/posts\/96379\/revisions"}],"predecessor-version":[{"id":96391,"href":"https:\/\/www.caririemacao.com\/1\/wp-json\/wp\/v2\/posts\/96379\/revisions\/96391"}],"wp:featuredmedia":[{"embeddable":true,"href":"https:\/\/www.caririemacao.com\/1\/wp-json\/wp\/v2\/media\/96390"}],"wp:attachment":[{"href":"https:\/\/www.caririemacao.com\/1\/wp-json\/wp\/v2\/media?parent=96379"}],"wp:term":[{"taxonomy":"category","embeddable":true,"href":"https:\/\/www.caririemacao.com\/1\/wp-json\/wp\/v2\/categories?post=96379"},{"taxonomy":"post_tag","embeddable":true,"href":"https:\/\/www.caririemacao.com\/1\/wp-json\/wp\/v2\/tags?post=96379"}],"curies":[{"name":"wp","href":"https:\/\/api.w.org\/{rel}","templated":true}]}}