{"id":96393,"date":"2019-05-25T09:01:54","date_gmt":"2019-05-25T12:01:54","guid":{"rendered":"http:\/\/www.caririemacao.com\/1\/?p=96393"},"modified":"2019-05-25T09:01:54","modified_gmt":"2019-05-25T12:01:54","slug":"toffoli-diz-que-fake-news-ja-fazem-parte-do-processo-eleitoral-no-pais","status":"publish","type":"post","link":"https:\/\/www.caririemacao.com\/1\/2019\/05\/25\/toffoli-diz-que-fake-news-ja-fazem-parte-do-processo-eleitoral-no-pais\/","title":{"rendered":"Toffoli diz que fake news j\u00e1 fazem parte do processo eleitoral no pa\u00eds"},"content":{"rendered":"\n<p>&nbsp;presidente do Supremo Tribunal Federal (STF), Dias Toffoli, disse que as informa\u00e7\u00f5es fraudulentas j\u00e1 fazem parte do processo eleitoral em diversas partes do mundo, inclusive no Brasil. A declara\u00e7\u00e3o foi dada noite de desta sexta-feira&nbsp;(24) no semin\u00e1rio&nbsp;<em>Fake News: Desafios para o Judici\u00e1rio<\/em>, organizado pela Ordem dos Advogados do Brasil, que debateu o papel da Justi\u00e7a frente \u00e0s not\u00edcias falsas, na Faculdade de Direito da Universidade de S\u00e3o Paulo (USP), em S\u00e3o Paulo.<\/p>\n\n\n\n<p>\u201cPesquisa realizada pelo Ideia Big Date e divulgada neste m\u00eas revelou que mais de dois ter\u00e7os das pessoas receberam fake news pelo WhatsApp durante a campanha eleitoral de 2018\u201d, disse Toffoli ao classificar o fen\u00f4meno das fake news como abrangente e complexo. \u201cEsse processo [de desinforma\u00e7\u00e3o] pode colocar em risco os processos e os valores democr\u00e1ticos\u201d.<\/p>\n\n\n\n<p>Para o presidente do STF, esse ambiente tamb\u00e9m propicia o avan\u00e7o do discurso de \u00f3dio. \u201cS\u00e3o discursos que estimulam a divis\u00e3o social a partir da dicotomia entre n\u00f3s e eles e que remete ao fantasma das ideologias fascistas conforme explica Jason Stanley em obra extraordin\u00e1ria recente Como Funciona o Fascismo\u201d, disse.<\/p>\n\n\n\n<p>Toffoli disse que tudo isso polui o debate democr\u00e1tico em dois aspectos principais: primeiro o cidad\u00e3o passa a formar sua opini\u00e3o e se conduzir na democracia guiado por ilus\u00f5es, por inverdades e a deturpa\u00e7\u00e3o da realidade deturpa os caminhos da pr\u00f3pria democracia; e, segundo, ultrapassada a fronteira do pluralismo, do embate construtivo de ideias e opini\u00f5es, a polariza\u00e7\u00e3o extrema inviabiliza o di\u00e1logo.<\/p>\n\n\n\n<p><strong>Divulga\u00e7\u00e3o incontrol\u00e1vel<\/strong><br><\/p>\n\n\n\n<p>O ministro de STF Ricardo Lewandowski disse que houve uma divulga\u00e7\u00e3o \u201cabsolutamente incontrol\u00e1vel de fake news durante o per\u00edodo das elei\u00e7\u00f5es em 2018\u201d. Para ele, o fen\u00f4meno \u00e9 uma realidade com a qual a sociedade convive diariamente e deu exemplos de not\u00edcias falsas que circularam no pa\u00eds.<\/p>\n\n\n\n<p>\u201cTivemos tamb\u00e9m o caso do kit gay, que foi amplamente divulgado, que o Minist\u00e9rio da Educa\u00e7\u00e3o no Brasil teria disseminado nas escolas brasileiras um kit gay. O ministro da Educa\u00e7\u00e3o teve que vir a p\u00fablico desmentir aquilo que era obviamente, a meu ver pelo menos, inveross\u00edmil\u201d, citou. \u201cTivemos o caso da Marielle Franco, vereadora do Rio de Janeiro brutalmente assassinada, que de repente foi acusada de estar envolvida com o tr\u00e1fico de drogas\u201d.<\/p>\n\n\n\n<p>Em rela\u00e7\u00e3o \u00e0 influ\u00eancia das fake news em processos eleitorais, Lewandowski acredita que \u00e9 preciso desenvolver instrumentos adequados para combat\u00ea-la. \u201cN\u00f3s da Justi\u00e7a Eleitoral e do Poder Judici\u00e1rio dever\u00edamos ter instrumentos para neutralizar a influ\u00eancia nefasta e negativa das fake news. Se a Justi\u00e7a Eleitoral n\u00e3o estiver \u00e0 altura de cumprir esse dever, \u00e9 melhor fechar as portas e entregar a chave dos tribunais eleitorais aos partidos pol\u00edticos\u201d, disse.<\/p>\n\n\n\n<p>O coordenador do Observat\u00f3rio da Liberdade de Imprensa da OAB, Pierpaolo Bottini, tamb\u00e9m falou sobre o uso das fake news com finalidade pol\u00edtica nas elei\u00e7\u00f5es de 2018. \u201cExemplos revelam que nossa hist\u00f3ria tem uma intimidade com not\u00edcias falsas e revelam seu potencial de abalar as estruturas democr\u00e1ticas e revelam seu potencial para muitas vezes justificar medidas autorit\u00e1rias\u201d, disse.<\/p>\n\n\n\n<p>Ao avaliar que o fen\u00f4meno das fake news n\u00e3o \u00e9 novo no pa\u00eds, ele lembrou que a hist\u00f3ria est\u00e1 permeada de not\u00edcias falsas. \u201cEm 31 de mar\u00e7o de 1964, o [senador] Auro Andrade no Congresso Nacional declara vago o cargo de presidente da Rep\u00fablica porque seu mandat\u00e1rio supostamente n\u00e3o se encontrava no pa\u00eds, quando se sabia que o presidente da Rep\u00fablica se encontrava em territ\u00f3rio nacional. Podemos dizer, portanto, que uma fake news inaugurou o regime militar no Brasil, que foi encerrado, de certa forma, por uma tentativa desastrada de fake news no Riocentro, em 1981\u201d.<\/p>\n","protected":false},"excerpt":{"rendered":"<p>&nbsp;presidente do Supremo Tribunal Federal (STF), Dias Toffoli, disse que as informa\u00e7\u00f5es fraudulentas j\u00e1 fazem parte do processo eleitoral em diversas partes do mundo, inclusive&hellip; <\/p>\n","protected":false},"author":1,"featured_media":96394,"comment_status":"closed","ping_status":"closed","sticky":false,"template":"","format":"standard","meta":{"sfsi_plus_gutenberg_text_before_share":"","sfsi_plus_gutenberg_show_text_before_share":"","sfsi_plus_gutenberg_icon_type":"","sfsi_plus_gutenberg_icon_alignemt":"","sfsi_plus_gutenburg_max_per_row":"","footnotes":""},"categories":[11],"tags":[],"class_list":["post-96393","post","type-post","status-publish","format-standard","has-post-thumbnail","hentry","category-politica"],"_links":{"self":[{"href":"https:\/\/www.caririemacao.com\/1\/wp-json\/wp\/v2\/posts\/96393","targetHints":{"allow":["GET"]}}],"collection":[{"href":"https:\/\/www.caririemacao.com\/1\/wp-json\/wp\/v2\/posts"}],"about":[{"href":"https:\/\/www.caririemacao.com\/1\/wp-json\/wp\/v2\/types\/post"}],"author":[{"embeddable":true,"href":"https:\/\/www.caririemacao.com\/1\/wp-json\/wp\/v2\/users\/1"}],"replies":[{"embeddable":true,"href":"https:\/\/www.caririemacao.com\/1\/wp-json\/wp\/v2\/comments?post=96393"}],"version-history":[{"count":1,"href":"https:\/\/www.caririemacao.com\/1\/wp-json\/wp\/v2\/posts\/96393\/revisions"}],"predecessor-version":[{"id":96395,"href":"https:\/\/www.caririemacao.com\/1\/wp-json\/wp\/v2\/posts\/96393\/revisions\/96395"}],"wp:featuredmedia":[{"embeddable":true,"href":"https:\/\/www.caririemacao.com\/1\/wp-json\/wp\/v2\/media\/96394"}],"wp:attachment":[{"href":"https:\/\/www.caririemacao.com\/1\/wp-json\/wp\/v2\/media?parent=96393"}],"wp:term":[{"taxonomy":"category","embeddable":true,"href":"https:\/\/www.caririemacao.com\/1\/wp-json\/wp\/v2\/categories?post=96393"},{"taxonomy":"post_tag","embeddable":true,"href":"https:\/\/www.caririemacao.com\/1\/wp-json\/wp\/v2\/tags?post=96393"}],"curies":[{"name":"wp","href":"https:\/\/api.w.org\/{rel}","templated":true}]}}