{"id":96396,"date":"2019-05-25T09:10:56","date_gmt":"2019-05-25T12:10:56","guid":{"rendered":"http:\/\/www.caririemacao.com\/1\/?p=96396"},"modified":"2019-05-25T09:10:56","modified_gmt":"2019-05-25T12:10:56","slug":"conheca-a-reforma-administrativa-aprovada-na-camara-dos-deputados","status":"publish","type":"post","link":"https:\/\/www.caririemacao.com\/1\/2019\/05\/25\/conheca-a-reforma-administrativa-aprovada-na-camara-dos-deputados\/","title":{"rendered":"Conhe\u00e7a a reforma administrativa aprovada na C\u00e2mara dos Deputados"},"content":{"rendered":"\n<p>O plen\u00e1rio do<a href=\"http:\/\/agenciabrasil.ebc.com.br\/politica\/noticia\/2019-05\/devemos-aprovar-mp-870-como-veio-da-camara-diz-bolsonaro\" target=\"_blank\" rel=\"noreferrer noopener\">Senado deve votar nesta ter\u00e7a-feira (28)<\/a>&nbsp;a Medida Provis\u00f3ria 870 (MP), que trata do redesenho administrativo do governo Bolsonaro. O texto foi aprovado na C\u00e2mara na semana passada e alterado pelos parlamentares, que decidiram devolver o Conselho de Controle de Atividades Financeiras (Coaf), hoje sob a responsabilidade do ministro Sergio Moro (Justi\u00e7a), para o Minist\u00e9rio da Economia, comandado por Paulo Guedes.<\/p>\n\n\n\n<p>A mudan\u00e7a do Coaf tem dividido os senadores. Se os parlamentares decidirem devolver o \u00f3rg\u00e3o para a pasta comandada por Sergio Moro, o&nbsp;<a href=\"https:\/\/www.congressonacional.leg.br\/materias\/medidas-provisorias\/-\/mpv\/135064\" target=\"_blank\" rel=\"noreferrer noopener\">texto da MP<\/a>&nbsp;teria que voltar a ser apreciado pelos deputados. Para n\u00e3o correr o risco de ver a MP perder a validade, o presidente Jair Bolsonaro defendeu a aprova\u00e7\u00e3o da medida da forma como foi votada pela C\u00e2mara dos Deputados. A medida tem que ser aprovada at\u00e9 o dia 3 de junho para n\u00e3o caducar.&nbsp;<\/p>\n\n\n\n<p>&#8220;[O Coaf] continua no Executivo, sem problema nenhum. Deve ser votada na semana que vem no Senado. No meu entender, deve aprovar o que foi votado na C\u00e2mara dos Deputados e vamos seguir em pautas mais importantes&#8221;, disse Bolsonaro, durante<a href=\"http:\/\/agenciabrasil.ebc.com.br\/politica\/noticia\/2019-05\/devemos-aprovar-mp-870-como-veio-da-camara-diz-bolsonaro\" target=\"_blank\" rel=\"noreferrer noopener\">&nbsp;transmiss\u00e3o ao vivo em sua p\u00e1gina no Facebook<\/a>.<\/p>\n\n\n\n<figure class=\"wp-block-image\"><img decoding=\"async\" data-src=\"http:\/\/imagens.ebc.com.br\/dlhVdBpBydUKZ4VAE-RJF74nXng=\/754x0\/smart\/http:\/\/agenciabrasil.ebc.com.br\/sites\/default\/files\/thumbnails\/image\/2019-05-16-infografico_reformaadministrativa_ministerios.png?itok=hnL59EUB\" alt=\"Reforma Administrativa\" src=\"data:image\/svg+xml;base64,PHN2ZyB3aWR0aD0iMSIgaGVpZ2h0PSIxIiB4bWxucz0iaHR0cDovL3d3dy53My5vcmcvMjAwMC9zdmciPjwvc3ZnPg==\" class=\"lazyload\" \/><\/figure>\n\n\n\n<p>Reforma Administrativa &#8211;&nbsp;<strong>Arte EBC<\/strong><\/p>\n\n\n\n<figure class=\"wp-block-image\"><img decoding=\"async\" data-src=\"http:\/\/imagens.ebc.com.br\/OOTI3XjS4aixlAQeuT_n1jLNXJ8=\/754x0\/smart\/http:\/\/agenciabrasil.ebc.com.br\/sites\/default\/files\/thumbnails\/image\/2019-05-16-infografico-reformaadministrativa.png?itok=gycF4jAL\" alt=\"Reforma Administrativa \" src=\"data:image\/svg+xml;base64,PHN2ZyB3aWR0aD0iMSIgaGVpZ2h0PSIxIiB4bWxucz0iaHR0cDovL3d3dy53My5vcmcvMjAwMC9zdmciPjwvc3ZnPg==\" class=\"lazyload\" \/><\/figure>\n","protected":false},"excerpt":{"rendered":"<p>O plen\u00e1rio doSenado deve votar nesta ter\u00e7a-feira (28)&nbsp;a Medida Provis\u00f3ria 870 (MP), que trata do redesenho administrativo do governo Bolsonaro. O texto foi aprovado na&hellip; <\/p>\n","protected":false},"author":1,"featured_media":92229,"comment_status":"closed","ping_status":"closed","sticky":false,"template":"","format":"standard","meta":{"sfsi_plus_gutenberg_text_before_share":"","sfsi_plus_gutenberg_show_text_before_share":"","sfsi_plus_gutenberg_icon_type":"","sfsi_plus_gutenberg_icon_alignemt":"","sfsi_plus_gutenburg_max_per_row":"","footnotes":""},"categories":[11],"tags":[],"class_list":["post-96396","post","type-post","status-publish","format-standard","has-post-thumbnail","hentry","category-politica"],"_links":{"self":[{"href":"https:\/\/www.caririemacao.com\/1\/wp-json\/wp\/v2\/posts\/96396","targetHints":{"allow":["GET"]}}],"collection":[{"href":"https:\/\/www.caririemacao.com\/1\/wp-json\/wp\/v2\/posts"}],"about":[{"href":"https:\/\/www.caririemacao.com\/1\/wp-json\/wp\/v2\/types\/post"}],"author":[{"embeddable":true,"href":"https:\/\/www.caririemacao.com\/1\/wp-json\/wp\/v2\/users\/1"}],"replies":[{"embeddable":true,"href":"https:\/\/www.caririemacao.com\/1\/wp-json\/wp\/v2\/comments?post=96396"}],"version-history":[{"count":1,"href":"https:\/\/www.caririemacao.com\/1\/wp-json\/wp\/v2\/posts\/96396\/revisions"}],"predecessor-version":[{"id":96397,"href":"https:\/\/www.caririemacao.com\/1\/wp-json\/wp\/v2\/posts\/96396\/revisions\/96397"}],"wp:featuredmedia":[{"embeddable":true,"href":"https:\/\/www.caririemacao.com\/1\/wp-json\/wp\/v2\/media\/92229"}],"wp:attachment":[{"href":"https:\/\/www.caririemacao.com\/1\/wp-json\/wp\/v2\/media?parent=96396"}],"wp:term":[{"taxonomy":"category","embeddable":true,"href":"https:\/\/www.caririemacao.com\/1\/wp-json\/wp\/v2\/categories?post=96396"},{"taxonomy":"post_tag","embeddable":true,"href":"https:\/\/www.caririemacao.com\/1\/wp-json\/wp\/v2\/tags?post=96396"}],"curies":[{"name":"wp","href":"https:\/\/api.w.org\/{rel}","templated":true}]}}