{"id":96401,"date":"2019-05-25T09:14:33","date_gmt":"2019-05-25T12:14:33","guid":{"rendered":"http:\/\/www.caririemacao.com\/1\/?p=96401"},"modified":"2019-05-25T09:14:33","modified_gmt":"2019-05-25T12:14:33","slug":"mexico-amplia-cota-livre-de-taxacao-para-importar-frango-brasileiro","status":"publish","type":"post","link":"https:\/\/www.caririemacao.com\/1\/2019\/05\/25\/mexico-amplia-cota-livre-de-taxacao-para-importar-frango-brasileiro\/","title":{"rendered":"M\u00e9xico amplia cota livre de taxa\u00e7\u00e3o para importar frango brasileiro"},"content":{"rendered":"\n<p>O governo mexicano ampliou em 55 mil toneladas a cota livre de tarifa para importa\u00e7\u00e3o de frango de exportadores brasileiros. A informa\u00e7\u00e3o foi divulgada em nota conjunta hoje (24) dos minist\u00e9rios das Rela\u00e7\u00f5es Exteriores e da Agricultura, Pecu\u00e1ria e Abastecimento.<\/p>\n\n\n\n<p>Em 2018, o Brasil exportou 110 mil toneladas de frango para o M\u00e9xico. Os exportadores daqui se beneficiavam da cota, criada em 2013, contudo, o volume de carne de ave vendida aos compradores daquele pa\u00eds atingiu o limite do benef\u00edcio em fevereiro deste ano.<\/p>\n\n\n\n<p>Por isso, o Itamaraty e o Minist\u00e9rio da Agricultura destacaram no comunicado que \u201ca medida garantir\u00e1 a continuidade das exporta\u00e7\u00f5es brasileiras de frango para o M\u00e9xico\u201d. Os minist\u00e9rios classificaram o pa\u00eds da Am\u00e9rica Central como \u201cdestino priorit\u00e1rio\u201d deste mercado, uma vez que o frango \u00e9 o terceiro item da pauta de exporta\u00e7\u00e3o para esse parceiro comercial.<\/p>\n","protected":false},"excerpt":{"rendered":"<p>O governo mexicano ampliou em 55 mil toneladas a cota livre de tarifa para importa\u00e7\u00e3o de frango de exportadores brasileiros. A informa\u00e7\u00e3o foi divulgada em&hellip; <\/p>\n","protected":false},"author":1,"featured_media":42052,"comment_status":"closed","ping_status":"closed","sticky":false,"template":"","format":"standard","meta":{"sfsi_plus_gutenberg_text_before_share":"","sfsi_plus_gutenberg_show_text_before_share":"","sfsi_plus_gutenberg_icon_type":"","sfsi_plus_gutenberg_icon_alignemt":"","sfsi_plus_gutenburg_max_per_row":"","footnotes":""},"categories":[2],"tags":[],"class_list":["post-96401","post","type-post","status-publish","format-standard","has-post-thumbnail","hentry","category-geral"],"_links":{"self":[{"href":"https:\/\/www.caririemacao.com\/1\/wp-json\/wp\/v2\/posts\/96401","targetHints":{"allow":["GET"]}}],"collection":[{"href":"https:\/\/www.caririemacao.com\/1\/wp-json\/wp\/v2\/posts"}],"about":[{"href":"https:\/\/www.caririemacao.com\/1\/wp-json\/wp\/v2\/types\/post"}],"author":[{"embeddable":true,"href":"https:\/\/www.caririemacao.com\/1\/wp-json\/wp\/v2\/users\/1"}],"replies":[{"embeddable":true,"href":"https:\/\/www.caririemacao.com\/1\/wp-json\/wp\/v2\/comments?post=96401"}],"version-history":[{"count":1,"href":"https:\/\/www.caririemacao.com\/1\/wp-json\/wp\/v2\/posts\/96401\/revisions"}],"predecessor-version":[{"id":96402,"href":"https:\/\/www.caririemacao.com\/1\/wp-json\/wp\/v2\/posts\/96401\/revisions\/96402"}],"wp:featuredmedia":[{"embeddable":true,"href":"https:\/\/www.caririemacao.com\/1\/wp-json\/wp\/v2\/media\/42052"}],"wp:attachment":[{"href":"https:\/\/www.caririemacao.com\/1\/wp-json\/wp\/v2\/media?parent=96401"}],"wp:term":[{"taxonomy":"category","embeddable":true,"href":"https:\/\/www.caririemacao.com\/1\/wp-json\/wp\/v2\/categories?post=96401"},{"taxonomy":"post_tag","embeddable":true,"href":"https:\/\/www.caririemacao.com\/1\/wp-json\/wp\/v2\/tags?post=96401"}],"curies":[{"name":"wp","href":"https:\/\/api.w.org\/{rel}","templated":true}]}}