{"id":96403,"date":"2019-05-25T09:16:44","date_gmt":"2019-05-25T12:16:44","guid":{"rendered":"http:\/\/www.caririemacao.com\/1\/?p=96403"},"modified":"2019-05-25T09:16:44","modified_gmt":"2019-05-25T12:16:44","slug":"bolsonaro-entrega-472-apartamentos-do-minha-casa-minha-vida","status":"publish","type":"post","link":"https:\/\/www.caririemacao.com\/1\/2019\/05\/25\/bolsonaro-entrega-472-apartamentos-do-minha-casa-minha-vida\/","title":{"rendered":"Bolsonaro entrega 472 apartamentos do Minha Casa, Minha Vida"},"content":{"rendered":"\n<p>O presidente Jair Bolsonaro participou, hoje (24), da cerim\u00f4nia de entrega de 472 im\u00f3veis em um conjunto habitacional do programa Minha Casa, Minha Vida, em Petrolina (PE), que servir\u00e3o de moradia pr\u00f3pria para cerca de 2 mil pessoas. Foi a primeira viagem do presidente ao Nordeste desde que tomou posse. Pela manh\u00e3, ele&nbsp;<a href=\"http:\/\/agenciabrasil.ebc.com.br\/politica\/noticia\/2019-05\/sudene-apresenta-projeto-de-desenvolvimento-para-o-nordeste\" target=\"_blank\" rel=\"noreferrer noopener\">se reuniu com os governadores da regi\u00e3o no Recife<\/a>.<\/p>\n\n\n\n<p>&#8220;N\u00e3o h\u00e1 recompensa maior do que estar entre amigos. Pode ter certeza, meu cora\u00e7\u00e3o \u00e9 pernambucano&#8221;, disse Bolsonaro durante discurso ap\u00f3s a entrega das chaves aos novos moradores. O presidente lembrou da sua trajet\u00f3ria at\u00e9 a Presid\u00eancia da Rep\u00fablica e disse que assumiu o poder em meio a &#8220;uma crise \u00e9tica, moral e econ\u00f4mica&#8221;.<\/p>\n\n\n\n<p>&#8220;N\u00f3s chegamos para mudar o destino do nosso Brasil. Deixamos de lado o populismo e as promessas vazias. Fazer a coisa certa na pol\u00edtica n\u00e3o \u00e9 f\u00e1cil, mas n\u00f3s seguiremos esse nosso objetivo&#8221;, afirmou.<\/p>\n\n\n\n<p>Bolsonaro disse ainda que \u00e9 o presidente de todos os brasileiros e agradeceu o apoio dos nordestinos. &#8220;Eu n\u00e3o estou no Nordeste, eu estou no Brasil. O Brasil \u00e9 a nossa p\u00e1tria, o Brasil \u00e9 uma s\u00f3 regi\u00e3o, um s\u00f3 povo e uma s\u00f3 ra\u00e7a&#8221;.<\/p>\n\n\n\n<h2 class=\"wp-block-heading\">Continuidade<\/h2>\n\n\n\n<p>O ministro do Desenvolvimento Regional, Gustavo Canuto, garantiu a continuidade do Minha Casa, Minha Vida em meio a especula\u00e7\u00f5es sobre mudan\u00e7as que o governo pretende fazer no programa.<\/p>\n\n\n\n<p>&#8220;Este governo n\u00e3o vai interromper o programa da habita\u00e7\u00e3o social. Saibam disso. J\u00e1 foram investidos R$ 11,6 bilh\u00f5es s\u00f3 na gest\u00e3o do presidente [Bolsonaro], s\u00f3 em 2019. S\u00e3o 87.636 unidades. S\u00f3 em Pernambuco s\u00e3o mais de 3 mil unidades, mais de R$ 393 milh\u00f5es&#8221;, disse.<\/p>\n\n\n\n<p>O presidente da Caixa, Pedro Guimar\u00e3es, que opera os financiamentos do programa habitacional, tamb\u00e9m assegurou a continuidade dos projetos e prometeu inaugurar obras de forma regular. &#8220;A cada duas semanas n\u00f3s vamos inaugurar um evento como esse&#8221;, disse.<\/p>\n\n\n\n<p>O governador de Pernambuco, Paulo C\u00e2mara, falou sobre import\u00e2ncia do programa Minha Casa, Minha Vida para o estado e para o Nordeste, e ressaltou a elabora\u00e7\u00e3o, pelo governo federal, de um plano de desenvolvimento para a regi\u00e3o.<\/p>\n\n\n\n<p>&#8220;O novo plano de desenvolvimento da Regi\u00e3o Nordeste \u00e9 um plano que pode dar caminhos para que o Nordeste diminua suas desigualdades&#8221;, disse<\/p>\n","protected":false},"excerpt":{"rendered":"<p>O presidente Jair Bolsonaro participou, hoje (24), da cerim\u00f4nia de entrega de 472 im\u00f3veis em um conjunto habitacional do programa Minha Casa, Minha Vida, em&hellip; <\/p>\n","protected":false},"author":1,"featured_media":95787,"comment_status":"closed","ping_status":"closed","sticky":false,"template":"","format":"standard","meta":{"sfsi_plus_gutenberg_text_before_share":"","sfsi_plus_gutenberg_show_text_before_share":"","sfsi_plus_gutenberg_icon_type":"","sfsi_plus_gutenberg_icon_alignemt":"","sfsi_plus_gutenburg_max_per_row":"","footnotes":""},"categories":[11],"tags":[],"class_list":["post-96403","post","type-post","status-publish","format-standard","has-post-thumbnail","hentry","category-politica"],"_links":{"self":[{"href":"https:\/\/www.caririemacao.com\/1\/wp-json\/wp\/v2\/posts\/96403","targetHints":{"allow":["GET"]}}],"collection":[{"href":"https:\/\/www.caririemacao.com\/1\/wp-json\/wp\/v2\/posts"}],"about":[{"href":"https:\/\/www.caririemacao.com\/1\/wp-json\/wp\/v2\/types\/post"}],"author":[{"embeddable":true,"href":"https:\/\/www.caririemacao.com\/1\/wp-json\/wp\/v2\/users\/1"}],"replies":[{"embeddable":true,"href":"https:\/\/www.caririemacao.com\/1\/wp-json\/wp\/v2\/comments?post=96403"}],"version-history":[{"count":1,"href":"https:\/\/www.caririemacao.com\/1\/wp-json\/wp\/v2\/posts\/96403\/revisions"}],"predecessor-version":[{"id":96404,"href":"https:\/\/www.caririemacao.com\/1\/wp-json\/wp\/v2\/posts\/96403\/revisions\/96404"}],"wp:featuredmedia":[{"embeddable":true,"href":"https:\/\/www.caririemacao.com\/1\/wp-json\/wp\/v2\/media\/95787"}],"wp:attachment":[{"href":"https:\/\/www.caririemacao.com\/1\/wp-json\/wp\/v2\/media?parent=96403"}],"wp:term":[{"taxonomy":"category","embeddable":true,"href":"https:\/\/www.caririemacao.com\/1\/wp-json\/wp\/v2\/categories?post=96403"},{"taxonomy":"post_tag","embeddable":true,"href":"https:\/\/www.caririemacao.com\/1\/wp-json\/wp\/v2\/tags?post=96403"}],"curies":[{"name":"wp","href":"https:\/\/api.w.org\/{rel}","templated":true}]}}