{"id":96405,"date":"2019-05-25T09:20:38","date_gmt":"2019-05-25T12:20:38","guid":{"rendered":"http:\/\/www.caririemacao.com\/1\/?p=96405"},"modified":"2019-05-25T09:20:38","modified_gmt":"2019-05-25T12:20:38","slug":"bolsonaro-confirma-que-vai-sancionar-medida-que-retoma-bagagem-gratuita","status":"publish","type":"post","link":"https:\/\/www.caririemacao.com\/1\/2019\/05\/25\/bolsonaro-confirma-que-vai-sancionar-medida-que-retoma-bagagem-gratuita\/","title":{"rendered":"Bolsonaro confirma que vai sancionar medida que retoma bagagem gratuita"},"content":{"rendered":"\n<p>Recife PE (FOLHAPRESS) \u2013 O presidente Jair Bolsonaro afirmou nesta sexta-feira (24), no Recife (PE), que vai sancionar a medida provis\u00f3ria que obriga as empresas a\u00e9reas a despachar bagagens gratuitamente. O texto tamb\u00e9m amplia a possibilidade de capital estrangeiro em companhias no pa\u00eds.<\/p>\n\n\n\n<p>As empresas estavam autorizadas a cobrar pela bagagem despachada desde dezembro de 2016, quando a Anac (Ag\u00eancia Nacional de Avia\u00e7\u00e3o Civil) editou resolu\u00e7\u00e3o sobre o tema.<\/p>\n\n\n\n<p>A MP estabeleceu que a franquia m\u00ednima de bagagem despachada deve ser de 23 kg para as aeronaves com mais de 31 assentos. Para as menores, ser\u00e1 de 18 kg (at\u00e9 31 assentos) e de 10 kg (at\u00e9 20 lugares).<\/p>\n\n\n\n<p>A MP foi aprovada na C\u00e2mara e no Senado na semana passada e, agora, s\u00f3 depende da san\u00e7\u00e3o do presidente. Bolsonaro, no entanto, n\u00e3o falou quando deve assinar o texto.<\/p>\n\n\n\n<figure class=\"wp-block-image\"><img decoding=\"async\" data-src=\"https:\/\/paraibaonline.com.br\/wp-content\/uploads\/2019\/04\/aeroporto-bagagens2504-567x378.jpg\" alt=\"Antonio Cruz\/Ag\u00eancia Brasil\" class=\"wp-image-701364 lazyload\" src=\"data:image\/svg+xml;base64,PHN2ZyB3aWR0aD0iMSIgaGVpZ2h0PSIxIiB4bWxucz0iaHR0cDovL3d3dy53My5vcmcvMjAwMC9zdmciPjwvc3ZnPg==\" style=\"--smush-placeholder-width: 567px; --smush-placeholder-aspect-ratio: 567\/378;\" \/><\/figure>\n\n\n\n<p>Foto: Antonio Cruz\/Ag\u00eancia Brasil<\/p>\n\n\n\n<p>Entidades que representam as companhias a\u00e9reas criticaram a poss\u00edvel volta da franquia de bagagem.<\/p>\n\n\n\n<p>\u201cAo admitir o retorno ao antigo modelo de franquia m\u00ednima de bagagem, o texto retira do consumidor a alternativa de escolher a classe tarif\u00e1ria mais acess\u00edvel, sem despacho de malas, preferida por dois ter\u00e7os dos passageiros desde a sua implementa\u00e7\u00e3o, a partir de mar\u00e7o de 2017, e novamente afasta o Brasil das pr\u00e1ticas internacionais\u201d, disse a Abear (associa\u00e7\u00e3o que re\u00fane empresas a\u00e9reas brasileiras).<\/p>\n\n\n\n<p>\u201cImpor franquia de bagagem por passageiro afugenta o interesse de empresas a\u00e9reas internacionais e sufoca mais o potencial da avia\u00e7\u00e3o comercial no Brasil, que j\u00e1 possui um dos combust\u00edveis mais caros do planeta\u201d, disse a Iata (associa\u00e7\u00e3o internacional do setor).<\/p>\n\n\n\n<p>A escolha da retomada da bagagem gr\u00e1tis foi vista no setor como uma contradi\u00e7\u00e3o. Ao mesmo tempo em que a MP foi feita para atrair investidores, liberando o limite de capital estrangeiro nas empresas que voam aqui, ela tamb\u00e9m os espanta. Companhias a\u00e9reas de baixo custo, conhecidas como low cost, teriam mais interesse de atuar aqui caso pudessem praticar as mesmas regras dos EUA e da Europa, onde vendem passagens mais baratas para quem viaja sem despachar malas.<\/p>\n","protected":false},"excerpt":{"rendered":"<p>Recife PE (FOLHAPRESS) \u2013 O presidente Jair Bolsonaro afirmou nesta sexta-feira (24), no Recife (PE), que vai sancionar a medida provis\u00f3ria que obriga as empresas&hellip; <\/p>\n","protected":false},"author":1,"featured_media":90894,"comment_status":"closed","ping_status":"closed","sticky":false,"template":"","format":"standard","meta":{"sfsi_plus_gutenberg_text_before_share":"","sfsi_plus_gutenberg_show_text_before_share":"","sfsi_plus_gutenberg_icon_type":"","sfsi_plus_gutenberg_icon_alignemt":"","sfsi_plus_gutenburg_max_per_row":"","footnotes":""},"categories":[11],"tags":[],"class_list":["post-96405","post","type-post","status-publish","format-standard","has-post-thumbnail","hentry","category-politica"],"_links":{"self":[{"href":"https:\/\/www.caririemacao.com\/1\/wp-json\/wp\/v2\/posts\/96405","targetHints":{"allow":["GET"]}}],"collection":[{"href":"https:\/\/www.caririemacao.com\/1\/wp-json\/wp\/v2\/posts"}],"about":[{"href":"https:\/\/www.caririemacao.com\/1\/wp-json\/wp\/v2\/types\/post"}],"author":[{"embeddable":true,"href":"https:\/\/www.caririemacao.com\/1\/wp-json\/wp\/v2\/users\/1"}],"replies":[{"embeddable":true,"href":"https:\/\/www.caririemacao.com\/1\/wp-json\/wp\/v2\/comments?post=96405"}],"version-history":[{"count":1,"href":"https:\/\/www.caririemacao.com\/1\/wp-json\/wp\/v2\/posts\/96405\/revisions"}],"predecessor-version":[{"id":96406,"href":"https:\/\/www.caririemacao.com\/1\/wp-json\/wp\/v2\/posts\/96405\/revisions\/96406"}],"wp:featuredmedia":[{"embeddable":true,"href":"https:\/\/www.caririemacao.com\/1\/wp-json\/wp\/v2\/media\/90894"}],"wp:attachment":[{"href":"https:\/\/www.caririemacao.com\/1\/wp-json\/wp\/v2\/media?parent=96405"}],"wp:term":[{"taxonomy":"category","embeddable":true,"href":"https:\/\/www.caririemacao.com\/1\/wp-json\/wp\/v2\/categories?post=96405"},{"taxonomy":"post_tag","embeddable":true,"href":"https:\/\/www.caririemacao.com\/1\/wp-json\/wp\/v2\/tags?post=96405"}],"curies":[{"name":"wp","href":"https:\/\/api.w.org\/{rel}","templated":true}]}}