{"id":96410,"date":"2019-05-25T09:37:47","date_gmt":"2019-05-25T12:37:47","guid":{"rendered":"http:\/\/www.caririemacao.com\/1\/?p=96410"},"modified":"2019-05-25T09:37:47","modified_gmt":"2019-05-25T12:37:47","slug":"qual-pode-ser-o-impacto-das-manifestacoes-para-o-futuro-do-governo-bolsonaro","status":"publish","type":"post","link":"https:\/\/www.caririemacao.com\/1\/2019\/05\/25\/qual-pode-ser-o-impacto-das-manifestacoes-para-o-futuro-do-governo-bolsonaro\/","title":{"rendered":"Qual pode ser o impacto das manifesta\u00e7\u00f5es para o futuro do governo Bolsonaro?"},"content":{"rendered":"\n<p>como a Reforma da Previd\u00eancia e o pacote anticrime elaborado pelo ministro da Justi\u00e7a, Sergio Moro.<\/p>\n\n\n\n<p>Na tentativa de dar um ar mais espont\u00e2neo ao movimento, o presidente desistiu de comparecer aos atos. &#8220;Por tratar-se de uma manifesta\u00e7\u00e3o livre e espont\u00e2nea, [o presidente] n\u00e3o quer associ\u00e1-la ao governo&#8221;, disse \u00e0 imprensa o porta-voz a Presid\u00eancia, general Ot\u00e1vio R\u00eago Barros, como justificativa. Em rela\u00e7\u00e3o ao movimento deste fim de semana, o atual desafio do governo Bolsonaro \u00e9 reunir apoio popular expressivo que possa fortalec\u00ea-lo nas negocia\u00e7\u00f5es com o Congresso Nacional, onde n\u00e3o construiu uma base de apoio. A estrat\u00e9gia embute risco alto \u2014 se a mobiliza\u00e7\u00e3o for pequena, Bolsonaro ficar\u00e1 ainda mais fraco na segunda-feira.<\/p>\n\n\n\n<figure><iframe width=\"1\" height=\"1\"><\/iframe><\/figure>\n\n\n\n<figure><iframe><\/iframe><\/figure>\n\n\n\n<figure class=\"wp-block-image\"><img decoding=\"async\" src=\"https:\/\/img.r7.com\/images\/sergio-moro-25052019072153089?dimensions=660x360\" alt=\" Manifesta\u00e7\u00f5es assumiram car\u00e1ter de defesa de agendas do governo como pacote anticrime de Moro \"\/><\/figure>\n\n\n\n<h4 class=\"wp-block-heading\">Manifesta\u00e7\u00f5es assumiram car\u00e1ter de defesa de agendas do governo como pacote anticrime de Moro<\/h4>\n","protected":false},"excerpt":{"rendered":"<p>como a Reforma da Previd\u00eancia e o pacote anticrime elaborado pelo ministro da Justi\u00e7a, Sergio Moro. Na tentativa de dar um ar mais espont\u00e2neo ao&hellip; <\/p>\n","protected":false},"author":1,"featured_media":95839,"comment_status":"closed","ping_status":"closed","sticky":false,"template":"","format":"standard","meta":{"sfsi_plus_gutenberg_text_before_share":"","sfsi_plus_gutenberg_show_text_before_share":"","sfsi_plus_gutenberg_icon_type":"","sfsi_plus_gutenberg_icon_alignemt":"","sfsi_plus_gutenburg_max_per_row":"","footnotes":""},"categories":[11],"tags":[],"class_list":["post-96410","post","type-post","status-publish","format-standard","has-post-thumbnail","hentry","category-politica"],"_links":{"self":[{"href":"https:\/\/www.caririemacao.com\/1\/wp-json\/wp\/v2\/posts\/96410","targetHints":{"allow":["GET"]}}],"collection":[{"href":"https:\/\/www.caririemacao.com\/1\/wp-json\/wp\/v2\/posts"}],"about":[{"href":"https:\/\/www.caririemacao.com\/1\/wp-json\/wp\/v2\/types\/post"}],"author":[{"embeddable":true,"href":"https:\/\/www.caririemacao.com\/1\/wp-json\/wp\/v2\/users\/1"}],"replies":[{"embeddable":true,"href":"https:\/\/www.caririemacao.com\/1\/wp-json\/wp\/v2\/comments?post=96410"}],"version-history":[{"count":1,"href":"https:\/\/www.caririemacao.com\/1\/wp-json\/wp\/v2\/posts\/96410\/revisions"}],"predecessor-version":[{"id":96411,"href":"https:\/\/www.caririemacao.com\/1\/wp-json\/wp\/v2\/posts\/96410\/revisions\/96411"}],"wp:featuredmedia":[{"embeddable":true,"href":"https:\/\/www.caririemacao.com\/1\/wp-json\/wp\/v2\/media\/95839"}],"wp:attachment":[{"href":"https:\/\/www.caririemacao.com\/1\/wp-json\/wp\/v2\/media?parent=96410"}],"wp:term":[{"taxonomy":"category","embeddable":true,"href":"https:\/\/www.caririemacao.com\/1\/wp-json\/wp\/v2\/categories?post=96410"},{"taxonomy":"post_tag","embeddable":true,"href":"https:\/\/www.caririemacao.com\/1\/wp-json\/wp\/v2\/tags?post=96410"}],"curies":[{"name":"wp","href":"https:\/\/api.w.org\/{rel}","templated":true}]}}