{"id":96415,"date":"2019-05-25T09:42:53","date_gmt":"2019-05-25T12:42:53","guid":{"rendered":"http:\/\/www.caririemacao.com\/1\/?p=96415"},"modified":"2019-05-25T09:42:53","modified_gmt":"2019-05-25T12:42:53","slug":"com-conta-de-luz-mais-cara-saiba-como-economizar-energia","status":"publish","type":"post","link":"https:\/\/www.caririemacao.com\/1\/2019\/05\/25\/com-conta-de-luz-mais-cara-saiba-como-economizar-energia\/","title":{"rendered":"Com conta de luz mais cara, saiba como economizar energia"},"content":{"rendered":"\n<p>O brasileiro ter\u00e1 que se preparar, pois a conta de luz ficar\u00e1 mais cara a partir do m\u00eas de junho. Isso porque a Aneel (Ag\u00eancia Nacional de Energia El\u00e9trica) anunciou na \u00faltima ter\u00e7a-feira (21) que haver\u00e1&nbsp;<strong><a href=\"https:\/\/noticias.r7.com\/economia\/governo-aumenta-preco-das-bandeiras-tarifarias-na-conta-de-luz-21052019\">reajuste no valor das bandeiras tarif\u00e1rias<\/a><\/strong>.<\/p>\n\n\n\n<p>O maior reajuste se deu justamente na bandeira amarela, que opera no Brasil atualmente. A tarifa que antes era de R$ 1,00 a cada 100 quilowatts-hora consumido passou para R$ 1,50, o que representa um aumento de 50%.<\/p>\n\n\n\n<figure><iframe><\/iframe><\/figure>\n\n\n\n<p>J\u00e1 a bandeira vermelha tamb\u00e9m sofreu com altera\u00e7\u00f5es em seu valor, tendo havido alta em seus dois patamares. O primeiro foi de R$ 3,00 para R$ 4,00, um crescimento de 33%. O segundo, que antes era de R$ 5,00, agora est\u00e1 em R$ 6,00 pelo mesmo consumo de refer\u00eancia, registrando alta de 20%.<\/p>\n\n\n\n<figure><iframe width=\"1\" height=\"1\"><\/iframe><\/figure>\n\n\n\n<p>Segundo o engenheiro el\u00e9trico do Ibape\/SP, S\u00e9rgio Levin, as bandeiras foram criadas para \u201csinalizar quando as usinas hidrel\u00e9tricas e reservat\u00f3rios est\u00e3o com seu desempenho comprometidos dentro de uma proje\u00e7\u00e3o futura&#8221;.<\/p>\n","protected":false},"excerpt":{"rendered":"<p>O brasileiro ter\u00e1 que se preparar, pois a conta de luz ficar\u00e1 mais cara a partir do m\u00eas de junho. Isso porque a Aneel (Ag\u00eancia&hellip; <\/p>\n","protected":false},"author":1,"featured_media":96416,"comment_status":"closed","ping_status":"closed","sticky":false,"template":"","format":"standard","meta":{"sfsi_plus_gutenberg_text_before_share":"","sfsi_plus_gutenberg_show_text_before_share":"","sfsi_plus_gutenberg_icon_type":"","sfsi_plus_gutenberg_icon_alignemt":"","sfsi_plus_gutenburg_max_per_row":"","footnotes":""},"categories":[2],"tags":[],"class_list":["post-96415","post","type-post","status-publish","format-standard","has-post-thumbnail","hentry","category-geral"],"_links":{"self":[{"href":"https:\/\/www.caririemacao.com\/1\/wp-json\/wp\/v2\/posts\/96415","targetHints":{"allow":["GET"]}}],"collection":[{"href":"https:\/\/www.caririemacao.com\/1\/wp-json\/wp\/v2\/posts"}],"about":[{"href":"https:\/\/www.caririemacao.com\/1\/wp-json\/wp\/v2\/types\/post"}],"author":[{"embeddable":true,"href":"https:\/\/www.caririemacao.com\/1\/wp-json\/wp\/v2\/users\/1"}],"replies":[{"embeddable":true,"href":"https:\/\/www.caririemacao.com\/1\/wp-json\/wp\/v2\/comments?post=96415"}],"version-history":[{"count":1,"href":"https:\/\/www.caririemacao.com\/1\/wp-json\/wp\/v2\/posts\/96415\/revisions"}],"predecessor-version":[{"id":96417,"href":"https:\/\/www.caririemacao.com\/1\/wp-json\/wp\/v2\/posts\/96415\/revisions\/96417"}],"wp:featuredmedia":[{"embeddable":true,"href":"https:\/\/www.caririemacao.com\/1\/wp-json\/wp\/v2\/media\/96416"}],"wp:attachment":[{"href":"https:\/\/www.caririemacao.com\/1\/wp-json\/wp\/v2\/media?parent=96415"}],"wp:term":[{"taxonomy":"category","embeddable":true,"href":"https:\/\/www.caririemacao.com\/1\/wp-json\/wp\/v2\/categories?post=96415"},{"taxonomy":"post_tag","embeddable":true,"href":"https:\/\/www.caririemacao.com\/1\/wp-json\/wp\/v2\/tags?post=96415"}],"curies":[{"name":"wp","href":"https:\/\/api.w.org\/{rel}","templated":true}]}}