{"id":96423,"date":"2019-05-25T10:13:43","date_gmt":"2019-05-25T13:13:43","guid":{"rendered":"http:\/\/www.caririemacao.com\/1\/?p=96423"},"modified":"2019-05-25T10:13:43","modified_gmt":"2019-05-25T13:13:43","slug":"joao-azevedo-veta-gastos-com-festas-de-sao-joao-na-paraiba","status":"publish","type":"post","link":"https:\/\/www.caririemacao.com\/1\/2019\/05\/25\/joao-azevedo-veta-gastos-com-festas-de-sao-joao-na-paraiba\/","title":{"rendered":"Jo\u00e3o Azev\u00eado veta gastos com festas de S\u00e3o Jo\u00e3o na Para\u00edba"},"content":{"rendered":"\n<p>O governador Jo\u00e3o Azev\u00eado (PSB) suspendeu os repasses das festas juninas, em decreto publicado no Di\u00e1rio Oficial da Uni\u00e3o deste s\u00e1bado (25).<\/p>\n\n\n\n<p>As despesas voltadas para a realiza\u00e7\u00e3o de festas juninas est\u00e3o vetadas pelos pr\u00f3ximos 60 dias.<\/p>\n\n\n\n<p>Segundo o estado, a medida \u00e9 para &#8220;maior efetividade \u00e0s diretrizes para a gest\u00e3o e controle dos gastos p\u00fablicos&#8221;.<\/p>\n\n\n\n<p>Confira o Di\u00e1rio Oficial da Uni\u00e3o abaixo:<\/p>\n\n\n\n<figure class=\"wp-block-image\"><img decoding=\"async\" src=\"https:\/\/www.clickpb.com.br\/media\/filer_public\/d7\/6b\/d76b4b0d-2fb7-41f7-bb0b-f9f0f40207fb\/blob\" alt=\"\"\/><\/figure>\n","protected":false},"excerpt":{"rendered":"<p>O governador Jo\u00e3o Azev\u00eado (PSB) suspendeu os repasses das festas juninas, em decreto publicado no Di\u00e1rio Oficial da Uni\u00e3o deste s\u00e1bado (25). As despesas voltadas&hellip; <\/p>\n","protected":false},"author":1,"featured_media":96424,"comment_status":"closed","ping_status":"closed","sticky":false,"template":"","format":"standard","meta":{"sfsi_plus_gutenberg_text_before_share":"","sfsi_plus_gutenberg_show_text_before_share":"","sfsi_plus_gutenberg_icon_type":"","sfsi_plus_gutenberg_icon_alignemt":"","sfsi_plus_gutenburg_max_per_row":"","footnotes":""},"categories":[11],"tags":[],"class_list":["post-96423","post","type-post","status-publish","format-standard","has-post-thumbnail","hentry","category-politica"],"_links":{"self":[{"href":"https:\/\/www.caririemacao.com\/1\/wp-json\/wp\/v2\/posts\/96423","targetHints":{"allow":["GET"]}}],"collection":[{"href":"https:\/\/www.caririemacao.com\/1\/wp-json\/wp\/v2\/posts"}],"about":[{"href":"https:\/\/www.caririemacao.com\/1\/wp-json\/wp\/v2\/types\/post"}],"author":[{"embeddable":true,"href":"https:\/\/www.caririemacao.com\/1\/wp-json\/wp\/v2\/users\/1"}],"replies":[{"embeddable":true,"href":"https:\/\/www.caririemacao.com\/1\/wp-json\/wp\/v2\/comments?post=96423"}],"version-history":[{"count":1,"href":"https:\/\/www.caririemacao.com\/1\/wp-json\/wp\/v2\/posts\/96423\/revisions"}],"predecessor-version":[{"id":96425,"href":"https:\/\/www.caririemacao.com\/1\/wp-json\/wp\/v2\/posts\/96423\/revisions\/96425"}],"wp:featuredmedia":[{"embeddable":true,"href":"https:\/\/www.caririemacao.com\/1\/wp-json\/wp\/v2\/media\/96424"}],"wp:attachment":[{"href":"https:\/\/www.caririemacao.com\/1\/wp-json\/wp\/v2\/media?parent=96423"}],"wp:term":[{"taxonomy":"category","embeddable":true,"href":"https:\/\/www.caririemacao.com\/1\/wp-json\/wp\/v2\/categories?post=96423"},{"taxonomy":"post_tag","embeddable":true,"href":"https:\/\/www.caririemacao.com\/1\/wp-json\/wp\/v2\/tags?post=96423"}],"curies":[{"name":"wp","href":"https:\/\/api.w.org\/{rel}","templated":true}]}}