{"id":96426,"date":"2019-05-25T10:16:38","date_gmt":"2019-05-25T13:16:38","guid":{"rendered":"http:\/\/www.caririemacao.com\/1\/?p=96426"},"modified":"2019-05-25T10:16:38","modified_gmt":"2019-05-25T13:16:38","slug":"trump-diz-que-enviara-1-500-soldados-ao-oriente-medio","status":"publish","type":"post","link":"https:\/\/www.caririemacao.com\/1\/2019\/05\/25\/trump-diz-que-enviara-1-500-soldados-ao-oriente-medio\/","title":{"rendered":"Trump diz que enviar\u00e1 1.500 soldados ao Oriente M\u00e9dio"},"content":{"rendered":"\n<p>&nbsp;presidente dos Estados Unidos (EUA), Donald Trump, disse ontem (24) que enviar\u00e1 cerca de 1.500 soldados ao Oriente M\u00e9dio, a maioria para oferecer prote\u00e7\u00e3o, em meio ao aumento das tens\u00f5es com o Ir\u00e3.<br><\/p>\n\n\n\n<p>&#8220;Queremos ter prote\u00e7\u00e3o no Oriente M\u00e9dio. Enviaremos um n\u00famero relativamente pequeno de tropas, a maioria para proteger&#8221;, disse Trump ao partir da Casa Branca em viagem ao Jap\u00e3o.<\/p>\n\n\n\n<p>&#8220;Algumas pessoas muito talentosas est\u00e3o indo para o Oriente M\u00e9dio agora mesmo. E veremos o que acontece.&#8221;<\/p>\n\n\n\n<p>As for\u00e7as ajudar\u00e3o a refor\u00e7ar as defesas dos EUA na regi\u00e3o, disseram duas fontes \u00e0 Reuters sob condi\u00e7\u00e3o de anonimato, acrescentando que incluir\u00e3o engenheiros.<\/p>\n\n\n\n<p>Os militares norte-americanos enviaram um grupo de porta-avi\u00f5es, bombardeiros e m\u00edsseis Patriot ao Oriente M\u00e9dio no in\u00edcio deste m\u00eas em rea\u00e7\u00e3o ao que Washington disse serem ind\u00edcios preocupantes de poss\u00edveis preparativos iranianos para um ataque.<\/p>\n\n\n\n<p>A ret\u00f3rica entre Teer\u00e3 e Washington escalou nas \u00faltimas semanas, j\u00e1 que os EUA endureceram suas san\u00e7\u00f5es com o que afirma ser o objetivo de for\u00e7ar o regime a fazer concess\u00f5es para al\u00e9m dos termos de seu acordo nuclear de 2015.<\/p>\n\n\n\n<p>Na segunda-feira, Trump alertou que o Ir\u00e3 ser\u00e1 confrontado com &#8220;grande for\u00e7a&#8221; se atacar interesses dos EUA no Oriente M\u00e9dio.&nbsp;&nbsp;<\/p>\n","protected":false},"excerpt":{"rendered":"<p>&nbsp;presidente dos Estados Unidos (EUA), Donald Trump, disse ontem (24) que enviar\u00e1 cerca de 1.500 soldados ao Oriente M\u00e9dio, a maioria para oferecer prote\u00e7\u00e3o, em&hellip; <\/p>\n","protected":false},"author":1,"featured_media":96427,"comment_status":"closed","ping_status":"closed","sticky":false,"template":"","format":"standard","meta":{"sfsi_plus_gutenberg_text_before_share":"","sfsi_plus_gutenberg_show_text_before_share":"","sfsi_plus_gutenberg_icon_type":"","sfsi_plus_gutenberg_icon_alignemt":"","sfsi_plus_gutenburg_max_per_row":"","footnotes":""},"categories":[11],"tags":[],"class_list":["post-96426","post","type-post","status-publish","format-standard","has-post-thumbnail","hentry","category-politica"],"_links":{"self":[{"href":"https:\/\/www.caririemacao.com\/1\/wp-json\/wp\/v2\/posts\/96426","targetHints":{"allow":["GET"]}}],"collection":[{"href":"https:\/\/www.caririemacao.com\/1\/wp-json\/wp\/v2\/posts"}],"about":[{"href":"https:\/\/www.caririemacao.com\/1\/wp-json\/wp\/v2\/types\/post"}],"author":[{"embeddable":true,"href":"https:\/\/www.caririemacao.com\/1\/wp-json\/wp\/v2\/users\/1"}],"replies":[{"embeddable":true,"href":"https:\/\/www.caririemacao.com\/1\/wp-json\/wp\/v2\/comments?post=96426"}],"version-history":[{"count":1,"href":"https:\/\/www.caririemacao.com\/1\/wp-json\/wp\/v2\/posts\/96426\/revisions"}],"predecessor-version":[{"id":96428,"href":"https:\/\/www.caririemacao.com\/1\/wp-json\/wp\/v2\/posts\/96426\/revisions\/96428"}],"wp:featuredmedia":[{"embeddable":true,"href":"https:\/\/www.caririemacao.com\/1\/wp-json\/wp\/v2\/media\/96427"}],"wp:attachment":[{"href":"https:\/\/www.caririemacao.com\/1\/wp-json\/wp\/v2\/media?parent=96426"}],"wp:term":[{"taxonomy":"category","embeddable":true,"href":"https:\/\/www.caririemacao.com\/1\/wp-json\/wp\/v2\/categories?post=96426"},{"taxonomy":"post_tag","embeddable":true,"href":"https:\/\/www.caririemacao.com\/1\/wp-json\/wp\/v2\/tags?post=96426"}],"curies":[{"name":"wp","href":"https:\/\/api.w.org\/{rel}","templated":true}]}}