{"id":96429,"date":"2019-05-25T10:30:34","date_gmt":"2019-05-25T13:30:34","guid":{"rendered":"http:\/\/www.caririemacao.com\/1\/?p=96429"},"modified":"2019-05-25T10:30:34","modified_gmt":"2019-05-25T13:30:34","slug":"confira-lista-de-voos-cancelados-da-avianca-apos-suspensao-da-anac","status":"publish","type":"post","link":"https:\/\/www.caririemacao.com\/1\/2019\/05\/25\/confira-lista-de-voos-cancelados-da-avianca-apos-suspensao-da-anac\/","title":{"rendered":"Confira lista de voos cancelados da Avianca ap\u00f3s suspens\u00e3o da Anac"},"content":{"rendered":"\n<p>A Ag\u00eancia Nacional de Avia\u00e7\u00e3o Civil (ANAC) comunicou nesta sexta-feira (24) a suspens\u00e3o cautelar de todas as opera\u00e7\u00f5es da Avianca Brasil.<\/p>\n\n\n\n<p>Em nota, a ANAC informou que todos os voos da empresa est\u00e3o suspensos at\u00e9 que seja comprovada a capacidade operacional com seguran\u00e7a.&nbsp;<\/p>\n\n\n\n<p>&#8220;A decis\u00e3o foi tomada com base em informa\u00e7\u00f5es prestadas \u00e0 \u00e1rea respons\u00e1vel por seguran\u00e7a operacional da Ag\u00eancia&#8221;, confirma a nota.<\/p>\n\n\n\n<p><a href=\"https:\/\/www.avianca.com.br\/-\/cancelamento-de-voos-a-partir-de-abril-\">Confira aqui a lista de voos cancelados da Avianca<\/a>.<\/p>\n","protected":false},"excerpt":{"rendered":"<p>A Ag\u00eancia Nacional de Avia\u00e7\u00e3o Civil (ANAC) comunicou nesta sexta-feira (24) a suspens\u00e3o cautelar de todas as opera\u00e7\u00f5es da Avianca Brasil. Em nota, a ANAC&hellip; <\/p>\n","protected":false},"author":1,"featured_media":96430,"comment_status":"closed","ping_status":"closed","sticky":false,"template":"","format":"standard","meta":{"sfsi_plus_gutenberg_text_before_share":"","sfsi_plus_gutenberg_show_text_before_share":"","sfsi_plus_gutenberg_icon_type":"","sfsi_plus_gutenberg_icon_alignemt":"","sfsi_plus_gutenburg_max_per_row":"","footnotes":""},"categories":[2],"tags":[],"class_list":["post-96429","post","type-post","status-publish","format-standard","has-post-thumbnail","hentry","category-geral"],"_links":{"self":[{"href":"https:\/\/www.caririemacao.com\/1\/wp-json\/wp\/v2\/posts\/96429","targetHints":{"allow":["GET"]}}],"collection":[{"href":"https:\/\/www.caririemacao.com\/1\/wp-json\/wp\/v2\/posts"}],"about":[{"href":"https:\/\/www.caririemacao.com\/1\/wp-json\/wp\/v2\/types\/post"}],"author":[{"embeddable":true,"href":"https:\/\/www.caririemacao.com\/1\/wp-json\/wp\/v2\/users\/1"}],"replies":[{"embeddable":true,"href":"https:\/\/www.caririemacao.com\/1\/wp-json\/wp\/v2\/comments?post=96429"}],"version-history":[{"count":1,"href":"https:\/\/www.caririemacao.com\/1\/wp-json\/wp\/v2\/posts\/96429\/revisions"}],"predecessor-version":[{"id":96431,"href":"https:\/\/www.caririemacao.com\/1\/wp-json\/wp\/v2\/posts\/96429\/revisions\/96431"}],"wp:featuredmedia":[{"embeddable":true,"href":"https:\/\/www.caririemacao.com\/1\/wp-json\/wp\/v2\/media\/96430"}],"wp:attachment":[{"href":"https:\/\/www.caririemacao.com\/1\/wp-json\/wp\/v2\/media?parent=96429"}],"wp:term":[{"taxonomy":"category","embeddable":true,"href":"https:\/\/www.caririemacao.com\/1\/wp-json\/wp\/v2\/categories?post=96429"},{"taxonomy":"post_tag","embeddable":true,"href":"https:\/\/www.caririemacao.com\/1\/wp-json\/wp\/v2\/tags?post=96429"}],"curies":[{"name":"wp","href":"https:\/\/api.w.org\/{rel}","templated":true}]}}