{"id":96435,"date":"2019-05-25T10:43:54","date_gmt":"2019-05-25T13:43:54","guid":{"rendered":"http:\/\/www.caririemacao.com\/1\/?p=96435"},"modified":"2019-05-25T10:43:54","modified_gmt":"2019-05-25T13:43:54","slug":"juiz-suspende-concurso-da-prefeitura-de-princesa-isabel-apos-denuncia-contra-banca-contratada-por-r-350-mil","status":"publish","type":"post","link":"https:\/\/www.caririemacao.com\/1\/2019\/05\/25\/juiz-suspende-concurso-da-prefeitura-de-princesa-isabel-apos-denuncia-contra-banca-contratada-por-r-350-mil\/","title":{"rendered":"Juiz suspende concurso da Prefeitura de Princesa Isabel ap\u00f3s den\u00fancia contra banca contratada por R$ 350 mil"},"content":{"rendered":"\n<p>O\u00a0juiz Pedro Davi Alves de Vasconcelos, da 1\u00aa Vara Mista da Comarca de Princesa Isabel, determinou a suspens\u00e3o do concurso p\u00fablico da prefeitura do Munic\u00edpio, em atendimento a a\u00e7\u00e3o civil p\u00fablica do Minist\u00e9rio P\u00fablico da Para\u00edba (MPPB). Consta na a\u00e7\u00e3o que a banca organizadora do certame, a\u00a0<a href=\"http:\/\/www.facetconcursos.com.br\/index.php\">FACET Concursos<\/a>\u00a0(Associa\u00e7\u00e3o de Ensino Superior Santa Terezinha), j\u00e1 foi alvo de duas a\u00e7\u00f5es na Comarca de Rio Tinto e que isso compromete a &#8220;reputa\u00e7\u00e3o \u00e9tico-profissional, o que desaguaria na nulidade de dispensa.&#8221;<\/p>\n\n\n\n<p>O ClickPB apurou que a FACET Concursos foi contratada por R$ 350 mil, sem licita\u00e7\u00e3o. Segundo o Minist\u00e9rio P\u00fablico da Para\u00edba, &#8220;o pr\u00f3prio certame deflagrado na cidade de Princesa Isabel pela promovida j\u00e1 \u00e9 marcado, desde o seu nascedouro, por v\u00edcios e falhas.&#8221;<\/p>\n\n\n\n<p>&#8220;Al\u00e9m disso, uma simples pesquisa na internetreleva diversas mat\u00e9rias questionando e noticiando a exist\u00eancia de investiga\u00e7\u00f5es acercadoprocedimento de contrata\u00e7\u00e3o utilizado por pequenas prefeituras para a contrata\u00e7\u00e3o da Institui\u00e7\u00e3o. Com efeito, gravita em torno da contratada suspeitas de fraudes, aprova\u00e7\u00e3o de apadrinhados dos contratantes, sem esquecer de mencionar a question\u00e1vel presta\u00e7\u00e3o do servi\u00e7o, marcadas, segundo se extrai, por falhas e irregularidades na condu\u00e7\u00e3o da organiza\u00e7\u00e3o de concursos&#8221;, diz trecho da decis\u00e3o.<\/p>\n","protected":false},"excerpt":{"rendered":"<p>O\u00a0juiz Pedro Davi Alves de Vasconcelos, da 1\u00aa Vara Mista da Comarca de Princesa Isabel, determinou a suspens\u00e3o do concurso p\u00fablico da prefeitura do Munic\u00edpio,&hellip; <\/p>\n","protected":false},"author":1,"featured_media":96436,"comment_status":"closed","ping_status":"closed","sticky":false,"template":"","format":"standard","meta":{"sfsi_plus_gutenberg_text_before_share":"","sfsi_plus_gutenberg_show_text_before_share":"","sfsi_plus_gutenberg_icon_type":"","sfsi_plus_gutenberg_icon_alignemt":"","sfsi_plus_gutenburg_max_per_row":"","footnotes":""},"categories":[2],"tags":[],"class_list":["post-96435","post","type-post","status-publish","format-standard","has-post-thumbnail","hentry","category-geral"],"_links":{"self":[{"href":"https:\/\/www.caririemacao.com\/1\/wp-json\/wp\/v2\/posts\/96435","targetHints":{"allow":["GET"]}}],"collection":[{"href":"https:\/\/www.caririemacao.com\/1\/wp-json\/wp\/v2\/posts"}],"about":[{"href":"https:\/\/www.caririemacao.com\/1\/wp-json\/wp\/v2\/types\/post"}],"author":[{"embeddable":true,"href":"https:\/\/www.caririemacao.com\/1\/wp-json\/wp\/v2\/users\/1"}],"replies":[{"embeddable":true,"href":"https:\/\/www.caririemacao.com\/1\/wp-json\/wp\/v2\/comments?post=96435"}],"version-history":[{"count":1,"href":"https:\/\/www.caririemacao.com\/1\/wp-json\/wp\/v2\/posts\/96435\/revisions"}],"predecessor-version":[{"id":96437,"href":"https:\/\/www.caririemacao.com\/1\/wp-json\/wp\/v2\/posts\/96435\/revisions\/96437"}],"wp:featuredmedia":[{"embeddable":true,"href":"https:\/\/www.caririemacao.com\/1\/wp-json\/wp\/v2\/media\/96436"}],"wp:attachment":[{"href":"https:\/\/www.caririemacao.com\/1\/wp-json\/wp\/v2\/media?parent=96435"}],"wp:term":[{"taxonomy":"category","embeddable":true,"href":"https:\/\/www.caririemacao.com\/1\/wp-json\/wp\/v2\/categories?post=96435"},{"taxonomy":"post_tag","embeddable":true,"href":"https:\/\/www.caririemacao.com\/1\/wp-json\/wp\/v2\/tags?post=96435"}],"curies":[{"name":"wp","href":"https:\/\/api.w.org\/{rel}","templated":true}]}}