{"id":96438,"date":"2019-05-25T11:26:08","date_gmt":"2019-05-25T14:26:08","guid":{"rendered":"http:\/\/www.caririemacao.com\/1\/?p=96438"},"modified":"2019-05-25T19:31:41","modified_gmt":"2019-05-25T22:31:41","slug":"prefeito-de-gurjao-lanca-o-bode-na-rua-2019-veja-a-programacao","status":"publish","type":"post","link":"https:\/\/www.caririemacao.com\/1\/2019\/05\/25\/prefeito-de-gurjao-lanca-o-bode-na-rua-2019-veja-a-programacao\/","title":{"rendered":"Prefeito de Gurj\u00e3o lan\u00e7a o Bode na Rua 2019; VEJA A PROGRAMA\u00c7\u00c3O"},"content":{"rendered":"\n<p>A Prefeitura Municipal de Gurj\u00e3o lan\u00e7ou na manh\u00e3 deste s\u00e1bado (25) a programa\u00e7\u00e3o da 20\u00aa edi\u00e7\u00e3o da Festa Bode na Rua que acontece nos dias 18, 19, 20 e 21 de julho.<\/p>\n\n\n\n<p>O lan\u00e7amento aconteceu na Creche Municipal Maria Graciete Ramos Castro e contou a presen\u00e7a de v\u00e1rias autoridades, convidados e moradores da cidade. <\/p>\n\n\n\n<p>Durante o an\u00fancio oficial, o prefeito Ronaldo Queiroz falou da import\u00e2ncia do evento para a regi\u00e3o e para a Para\u00edba, al\u00e9m de divulgar as atra\u00e7\u00f5es do palco principal e do palco do Bode.<\/p>\n\n\n\n<p><strong>Confira a\nprograma\u00e7\u00e3o:<\/strong><\/p>\n\n\n\n<p>Dia 20 (s\u00e1bado) \u2013 Aduilio Mendes, Henry Freitas e Maria Clara<\/p>\n\n\n\n<p>Dia 21 (domingo) \u2013 Wallas Arraes, Tulio milion\u00e1rio e Chiclete com Banana.<\/p>\n\n\n\n<p>Ronaldo explicou que ser\u00e3o quatro dias de eventos, iniciando na quinta-feira, dia 18,  encerrando-se no domingo , dia 21.<\/p>\n\n\n\n<p>Ronaldo informou que este ano n\u00e3o haver\u00e1 a escolha da Miss Bode na Rua, mas tem uma vasta programa\u00e7\u00e3o com artesanato, expofeira, culin\u00e1ria regional e shows musicais. Ele tamb\u00e9m an\u00fancio que haver\u00e1 shows musicais no Palco do Bode, tradicionalmente instalado na rua em frente ao palco principal.<strong>.<\/strong><\/p>\n","protected":false},"excerpt":{"rendered":"<p>A Prefeitura Municipal de Gurj\u00e3o lan\u00e7ou na manh\u00e3 deste s\u00e1bado (25) a programa\u00e7\u00e3o da 20\u00aa edi\u00e7\u00e3o da Festa Bode na Rua que acontece nos dias&hellip; <\/p>\n","protected":false},"author":2,"featured_media":96467,"comment_status":"closed","ping_status":"closed","sticky":false,"template":"","format":"standard","meta":{"sfsi_plus_gutenberg_text_before_share":"","sfsi_plus_gutenberg_show_text_before_share":"","sfsi_plus_gutenberg_icon_type":"","sfsi_plus_gutenberg_icon_alignemt":"","sfsi_plus_gutenburg_max_per_row":"","footnotes":""},"categories":[6,50],"tags":[],"class_list":["post-96438","post","type-post","status-publish","format-standard","has-post-thumbnail","hentry","category-cidades","category-destaque"],"_links":{"self":[{"href":"https:\/\/www.caririemacao.com\/1\/wp-json\/wp\/v2\/posts\/96438","targetHints":{"allow":["GET"]}}],"collection":[{"href":"https:\/\/www.caririemacao.com\/1\/wp-json\/wp\/v2\/posts"}],"about":[{"href":"https:\/\/www.caririemacao.com\/1\/wp-json\/wp\/v2\/types\/post"}],"author":[{"embeddable":true,"href":"https:\/\/www.caririemacao.com\/1\/wp-json\/wp\/v2\/users\/2"}],"replies":[{"embeddable":true,"href":"https:\/\/www.caririemacao.com\/1\/wp-json\/wp\/v2\/comments?post=96438"}],"version-history":[{"count":3,"href":"https:\/\/www.caririemacao.com\/1\/wp-json\/wp\/v2\/posts\/96438\/revisions"}],"predecessor-version":[{"id":96491,"href":"https:\/\/www.caririemacao.com\/1\/wp-json\/wp\/v2\/posts\/96438\/revisions\/96491"}],"wp:featuredmedia":[{"embeddable":true,"href":"https:\/\/www.caririemacao.com\/1\/wp-json\/wp\/v2\/media\/96467"}],"wp:attachment":[{"href":"https:\/\/www.caririemacao.com\/1\/wp-json\/wp\/v2\/media?parent=96438"}],"wp:term":[{"taxonomy":"category","embeddable":true,"href":"https:\/\/www.caririemacao.com\/1\/wp-json\/wp\/v2\/categories?post=96438"},{"taxonomy":"post_tag","embeddable":true,"href":"https:\/\/www.caririemacao.com\/1\/wp-json\/wp\/v2\/tags?post=96438"}],"curies":[{"name":"wp","href":"https:\/\/api.w.org\/{rel}","templated":true}]}}