{"id":96447,"date":"2019-05-25T13:13:49","date_gmt":"2019-05-25T16:13:49","guid":{"rendered":"http:\/\/www.caririemacao.com\/1\/?p=96447"},"modified":"2019-05-25T13:13:49","modified_gmt":"2019-05-25T16:13:49","slug":"procuradoria-diz-que-novo-decreto-das-armas-pode-favorecer-milicias","status":"publish","type":"post","link":"https:\/\/www.caririemacao.com\/1\/2019\/05\/25\/procuradoria-diz-que-novo-decreto-das-armas-pode-favorecer-milicias\/","title":{"rendered":"Procuradoria diz que novo decreto das armas pode favorecer mil\u00edcias"},"content":{"rendered":"\n<p>O novo decreto sobre a posse e o porte de armas, assinado no dia 22 pelo presidente Jair Bolsonaro (PSL), \u00e9 inconstitucional e pode favorecer mil\u00edcias e outras organiza\u00e7\u00f5es criminosas. A conclus\u00e3o \u00e9 da PFDC (Procuradoria Federal dos Direitos do Cidad\u00e3o), \u00f3rg\u00e3o que integra o MPF (Minist\u00e9rio P\u00fablico Federal), e est\u00e1 em uma nota t\u00e9cnica encaminhada nesta sexta-feira (24) \u00e0 procuradora-geral da Rep\u00fablica, Raquel Dodge.<\/p>\n\n\n\n<p>Para o \u00f3rg\u00e3o, em vez de sanar as irregularidades do decreto anterior, o novo documento &#8220;agravou&#8221; algumas delas.<\/p>\n\n\n\n<p>A nota t\u00e9cnica da PFDC vai auxiliar Dodge a elaborar o parecer que a PGR (Procuradoria-Geral da Rep\u00fablica) dever\u00e1 apresentar no \u00e2mbito de uma a\u00e7\u00e3o que pede a suspens\u00e3o do decreto no STF (Supremo Tribunal Federal).<\/p>\n\n\n\n<p>No dia 7 de maio, Bolsonaro assinou o decreto 9.785\/2019 que flexibilizou as regras para a compra e porte de armas em todo o Brasil. O decreto foi amplamente criticado por diversos setores da sociedade. Foram apontados problemas em pontos como a amplia\u00e7\u00e3o das categorias profissionais que poderiam ter acesso ao porte de armas e a possibilidade de que cidad\u00e3os comuns pudessem ter porte de fuzis.<\/p>\n\n\n\n<p>Ap\u00f3s a publica\u00e7\u00e3o do decreto, a Rede Sustentabilidade e outras entidades como o Instituto Igarap\u00e9 entraram com uma a\u00e7\u00e3o pedindo a suspens\u00e3o da validade das novas regras junto ao STF.<\/p>\n\n\n\n<p>Pressionado, o governo publicou um novo decreto na \u00faltima quarta-feira (22). O novo texto, que chegou com a promessa de resolver eventuais irregularidades do anterior, tirou a possibilidade de cidad\u00e3os comuns portarem (transportarem) fuzis semiautom\u00e1ticos.<\/p>\n\n\n\n<p>Para a PFDC, a mudan\u00e7a n\u00e3o \u00e9 suficiente, porque o novo decreto continua permitindo que pessoas comuns tenham a posse de armas com grande potencial de destrui\u00e7\u00e3o.<br>&#8220;\u00c9 importante ressaltar que alguns fuzis semiautom\u00e1ticos continuam sendo de posse permitida por qualquer cidad\u00e3o, assim como espingardas e carabinas, pois s\u00e3o armas port\u00e1teis de uso permitido. Ou seja, qualquer pessoa poder\u00e1 adquirir e manter em sua resid\u00eancia ou local de trabalho armas de alto potencial destrutivo. Apenas n\u00e3o poder\u00e1 port\u00e1-las, ou seja, lev\u00e1-las consigo fora dos referidos espa\u00e7os privados&#8221;, diz trecho da nota.<\/p>\n\n\n\n<p><strong>Leia mais<\/strong>:&nbsp;<a href=\"https:\/\/www.clickpb.com.br\/politica\/bolsonaro-recua-e-publica-novo-decreto-sobre-armas-260721.html\">Bolsonaro recua e publica novo decreto sobre armas<\/a><br><\/p>\n\n\n\n<p>A PFDC afirma que o decreto assinado na semana passada passou a &#8220;falsa impress\u00e3o&#8221; de que as irregularidades do anterior teriam sido sanadas, mas na avalia\u00e7\u00e3o dos procuradores, o texto continua representando uma &#8220;viola\u00e7\u00e3o da separa\u00e7\u00e3o de Poderes&#8221;, na medida em que o \u00f3rg\u00e3o avalia que essas regras deveriam ter sido alteradas pelo Congresso Nacional.<\/p>\n\n\n\n<p>Os procuradores tamb\u00e9m criticaram a amplia\u00e7\u00e3o do rol de pessoas que poderiam ter porte de arma em raz\u00e3o do exerc\u00edcio profissional. No decreto do dia 7, apenas advogados p\u00fablicos poderiam ter acesso ao porte de armas.<\/p>\n\n\n\n<p>Com o novo texto, todo e qualquer advogado poder\u00e1 solicitar o porte. Essa mudan\u00e7a, segundo a PFDC, &#8220;perfaz um universo de mais de 1 milh\u00e3o de pessoas, al\u00e9m dos propriet\u00e1rios de empresas de seguran\u00e7a privada e de transporte de valores, ainda que n\u00e3o participem da ger\u00eancia do neg\u00f3cio&#8221;.<\/p>\n\n\n\n<p>Para a PFDC, o novo decreto \u00e9 inconstitucional. &#8220;O novo decreto 9.797\/2019, longe de rever essas&nbsp;inconstitucionalidades, ressaltou os v\u00edcios da regulamenta\u00e7\u00e3o pelo decreto 9.785\/19. Nenhum dos pontos suscitados pela PFDC\/MPF foi sanado e, ao contr\u00e1rio, alguns outros foram agravados&#8221;, diz um trecho.<\/p>\n\n\n\n<p>A nota, assinada pela procuradora federal Deborah Duprat e pelo procurador Marlon Alberto Weichert, afirma que o decreto assinado por Bolsonaro cria &#8220;condi\u00e7\u00f5es para a venda em larga escala e sem controle de muni\u00e7\u00f5es e armas&#8221; e que isso &#8220;certamente facilitar\u00e1 o acesso a elas por organiza\u00e7\u00f5es criminosas e mil\u00edcias&#8221;. O resultado, segundo os procuradores, seria o &#8220;aumento da viol\u00eancia no Brasil&#8221;.<\/p>\n\n\n\n<p>A posi\u00e7\u00e3o da PFDC vai na contram\u00e3o da argumenta\u00e7\u00e3o entregue pelo governo ao STF.<br>Na \u00faltima quarta-feira (22), a AGU (Advocacia-Geral da Uni\u00e3o), a consultoria jur\u00eddica do MJSP (Minist\u00e9rio da Justi\u00e7a e Seguran\u00e7a P\u00fablica) e a SAJ (Subchefia para Assuntos Jur\u00eddicos) da Casa Civil entregaram pareceres ao STF contestando a vers\u00e3o de que o decreto publicado no dia 7 de maio seria inconstitucional.<\/p>\n\n\n\n<p>Al\u00e9m disso, a AGU argumentou que, na medida em que o novo decreto teria eliminado eventuais &#8220;imprecis\u00f5es t\u00e9cnicas&#8221;, o recurso movido pela Rede deveria ser rejeitado.<br>O caso ainda dever\u00e1 ser analisado pela ministra Rosa Weber, relatora do recurso. Ainda \u00e9 preciso que a PGR envie a sua manifesta\u00e7\u00e3o sobre o caso.<\/p>\n","protected":false},"excerpt":{"rendered":"<p>O novo decreto sobre a posse e o porte de armas, assinado no dia 22 pelo presidente Jair Bolsonaro (PSL), \u00e9 inconstitucional e pode favorecer&hellip; <\/p>\n","protected":false},"author":1,"featured_media":96448,"comment_status":"closed","ping_status":"closed","sticky":false,"template":"","format":"standard","meta":{"sfsi_plus_gutenberg_text_before_share":"","sfsi_plus_gutenberg_show_text_before_share":"","sfsi_plus_gutenberg_icon_type":"","sfsi_plus_gutenberg_icon_alignemt":"","sfsi_plus_gutenburg_max_per_row":"","footnotes":""},"categories":[2],"tags":[],"class_list":["post-96447","post","type-post","status-publish","format-standard","has-post-thumbnail","hentry","category-geral"],"_links":{"self":[{"href":"https:\/\/www.caririemacao.com\/1\/wp-json\/wp\/v2\/posts\/96447","targetHints":{"allow":["GET"]}}],"collection":[{"href":"https:\/\/www.caririemacao.com\/1\/wp-json\/wp\/v2\/posts"}],"about":[{"href":"https:\/\/www.caririemacao.com\/1\/wp-json\/wp\/v2\/types\/post"}],"author":[{"embeddable":true,"href":"https:\/\/www.caririemacao.com\/1\/wp-json\/wp\/v2\/users\/1"}],"replies":[{"embeddable":true,"href":"https:\/\/www.caririemacao.com\/1\/wp-json\/wp\/v2\/comments?post=96447"}],"version-history":[{"count":1,"href":"https:\/\/www.caririemacao.com\/1\/wp-json\/wp\/v2\/posts\/96447\/revisions"}],"predecessor-version":[{"id":96449,"href":"https:\/\/www.caririemacao.com\/1\/wp-json\/wp\/v2\/posts\/96447\/revisions\/96449"}],"wp:featuredmedia":[{"embeddable":true,"href":"https:\/\/www.caririemacao.com\/1\/wp-json\/wp\/v2\/media\/96448"}],"wp:attachment":[{"href":"https:\/\/www.caririemacao.com\/1\/wp-json\/wp\/v2\/media?parent=96447"}],"wp:term":[{"taxonomy":"category","embeddable":true,"href":"https:\/\/www.caririemacao.com\/1\/wp-json\/wp\/v2\/categories?post=96447"},{"taxonomy":"post_tag","embeddable":true,"href":"https:\/\/www.caririemacao.com\/1\/wp-json\/wp\/v2\/tags?post=96447"}],"curies":[{"name":"wp","href":"https:\/\/api.w.org\/{rel}","templated":true}]}}