{"id":96450,"date":"2019-05-25T13:17:22","date_gmt":"2019-05-25T16:17:22","guid":{"rendered":"http:\/\/www.caririemacao.com\/1\/?p=96450"},"modified":"2019-05-25T13:17:22","modified_gmt":"2019-05-25T16:17:22","slug":"nascido-como-anti-stf-ato-pro-governo-se-vira-contra-centrao-e-racha-bolsonaristas","status":"publish","type":"post","link":"https:\/\/www.caririemacao.com\/1\/2019\/05\/25\/nascido-como-anti-stf-ato-pro-governo-se-vira-contra-centrao-e-racha-bolsonaristas\/","title":{"rendered":"Nascido como anti-STF, ato pr\u00f3-governo se vira contra centr\u00e3o e racha bolsonaristas"},"content":{"rendered":"\n<p>No dia 12 de abril, movimentos de direita reunidos em S\u00e3o Paulo j\u00e1 anunciavam, em uma transmiss\u00e3o ao vivo pelas redes sociais, a convoca\u00e7\u00e3o para as manifesta\u00e7\u00f5es previstas neste domingo (26) pelo pa\u00eds.<\/p>\n\n\n\n<p>Hoje, as reivindica\u00e7\u00f5es consonantes s\u00e3o aprova\u00e7\u00e3o da reforma da Previd\u00eancia, combate \u00e0 corrup\u00e7\u00e3o e apoio a Jair Bolsonaro (PSL).<\/p>\n\n\n\n<p>Na \u00e9poca, por\u00e9m, as pautas n\u00e3o eram exatamente essas&nbsp; elas sofreram uma reviravolta em meio ao racha de grupos de direita e \u00e0 divis\u00e3o dentro do partido do pr\u00f3prio presidente da Rep\u00fablica sobre a pertin\u00eancia de ir \u00e0s ruas.&nbsp;<\/p>\n\n\n\n<p>Quando foram gestados, os atos foram apresentados principalmente como uma mobiliza\u00e7\u00e3o contr\u00e1ria ao STF (Supremo Tribunal Federal) \u2014 embora a defesa da Previd\u00eancia e do pacote anticrime do ministro Sergio Moro (Justi\u00e7a) tamb\u00e9m estivesse colocada.<\/p>\n\n\n\n<p>Depois, as manifesta\u00e7\u00f5es pr\u00f3-governo ganharam impulso como uma tentativa de resposta aos protestos do \u00faltimo dia 15 de maio, contr\u00e1rios ao bloqueio de recursos da educa\u00e7\u00e3o determinado por Bolsonaro e que levaram milhares de pessoas \u00e0s ruas em mais de 170 cidades brasileiras.<\/p>\n\n\n\n<p>De l\u00e1 pra c\u00e1, na esteira dos embates entre Bolsonaro e o Congresso, ganhou for\u00e7a o descontentamento com o centr\u00e3o (grupo informal com cerca de 200 deputados de partidos como PP, DEM, PRB, MDB e Solidariedade). E o lema &#8220;Brasil contra o centr\u00e3o&#8221; ganhou corpo \u2014 \u00e9 nome do principal ato marcado para este domingo em S\u00e3o Paulo, na av. Paulista, a partir das 14h.<\/p>\n\n\n\n<p>Na live de abril, que come\u00e7ou com o Hino Nacional e terminou com um pai-nosso, os representantes dos movimentos falam em &#8220;manifesta\u00e7\u00e3o contra Gilmar Mendes e [Dias] Toffoli&#8221;, em &#8220;ditadura do Judici\u00e1rio&#8221;, que as ruas dar\u00e3o &#8220;resposta imediata ao STF&#8221;, que o STF \u00e9 uma &#8220;vergonha nacional&#8221; e at\u00e9 em &#8220;derrubar o STF, que s\u00f3 tem canalha, vagabundo&#8221;.<\/p>\n\n\n\n<p>Willian Bull, do Movimento Avan\u00e7a Brasil, um dos principais envolvidos nos atos, diz no v\u00eddeo que &#8220;os movimentos est\u00e3o baseados na Constitui\u00e7\u00e3o, mas est\u00e3o baseados principalmente naquilo que rege a popula\u00e7\u00e3o, que \u00e9 um neg\u00f3cio chamado vergonha na cara e que est\u00e1 faltando muito em v\u00e1rias institui\u00e7\u00f5es que representam o Estado brasileiro, mas n\u00e3o est\u00e3o representando a popula\u00e7\u00e3o&#8221;.<\/p>\n\n\n\n<p>O pano de fundo, em abril, era o inqu\u00e9rito aberto por Toffoli para apurar fake news e ofensas ao STF, o que foi visto pelos movimentos como uma morda\u00e7a. &#8220;Isso estava a flor da pele. [&#8230;] Mobilizou a fala de todos n\u00f3s, inclusive a minha. A carga das falas se deveu \u00e0 circunst\u00e2ncia do momento&#8221;, diz Bull \u00e0 reportagem.<\/p>\n\n\n\n<p>&#8220;Quando a gente percebeu que o centr\u00e3o estava tomando esse protagonismo no sentido de criar obst\u00e1culos para manter esse patrimonialismo, esse toma l\u00e1, d\u00e1 c\u00e1, [&#8230;] at\u00e9 suplantou essa indigna\u00e7\u00e3o com o inqu\u00e9rito [das fake news]&#8221;, completa.<\/p>\n\n\n\n<p>A derrota de Moro para o centr\u00e3o, que retirou o Coaf (\u00f3rg\u00e3o que faz relat\u00f3rios sobre movimenta\u00e7\u00f5es financeiras suspeitas) do Minist\u00e9rio da Justi\u00e7a, foi a gota-d&#8217;\u00e1gua para que a revolta se concentrasse nos parlamentares.&nbsp;<\/p>\n\n\n\n<p>De acordo com Bull, a sociedade est\u00e1 vigilante e cansou de ver a agenda de 58 milh\u00f5es de eleitores de Bolsonaro emparedada pela barganha. &#8220;Se o Congresso n\u00e3o est\u00e1 fazendo seu papel, ser\u00e1 que estamos vivendo numa democracia?&#8221;, questiona.<\/p>\n\n\n\n<p>&#8220;O que eu vejo \u00e9 uma mobiliza\u00e7\u00e3o espont\u00e2nea de todo cidad\u00e3o que quer ver o Congresso destravado&#8221;, diz Edson Salom\u00e3o, do Direita S\u00e3o Paulo. Na opini\u00e3o de organizadores ouvidos pela reportagem, as dificuldades de Bolsonaro em fazer avan\u00e7ar sua pauta no Congresso n\u00e3o se devem a falhas na articula\u00e7\u00e3o pol\u00edtica, mas a chantagens do centr\u00e3o.<\/p>\n\n\n\n<p>Isabella Trevisani, ativista que se identifica como &#8220;a menina censurada pelo STF&#8221;, por ter sido alvo de buscas da Pol\u00edcia Federal no inqu\u00e9rito das fake news ap\u00f3s cr\u00edticas \u00e0 corte, estava presente no dia 12.<\/p>\n\n\n\n<p>&#8220;O STF vem a\u00ed desrespeitando a Constitui\u00e7\u00e3o, desrespeitando nosso povo e n\u00f3s n\u00e3o podemos admitir que ladr\u00f5es de toga, como esses ministros que est\u00e3o a\u00ed, que s\u00e3o uma vergonha nacional, continuem deturpando a verdade, continuem roubando, continuem mentindo, continuem liberando bandidos&#8221;, disse.<\/p>\n\n\n\n<p>Em v\u00eddeo de sexta (24) no seu Facebook, um banner diz que a manifesta\u00e7\u00e3o \u00e9 pela reforma da Previd\u00eancia, por\u00e9m, em seguida, h\u00e1 trecho de um discurso em que ela prega &#8220;fora todos os ministros&#8221;.<\/p>\n\n\n\n<p>Tamb\u00e9m em v\u00eddeos de maio, o canal Giro de Not\u00edcias, que endossa as convoca\u00e7\u00f5es, fala em interven\u00e7\u00e3o. J\u00e1 o Direita S\u00e3o Paulo mant\u00e9m na sua lista de reivindica\u00e7\u00f5es da manifesta\u00e7\u00e3o a CPI da Lava Toga, para investigar o que consideram abusos do Judici\u00e1rio.<\/p>\n\n\n\n<p>Procurados pela reportagem, os movimentos recha\u00e7aram as pautas radicais. Conforme publicou o jornal Folha de S.Paulo, os grupos passaram a adaptar o discurso para ampliar ades\u00e3o.<\/p>\n\n\n\n<p>&#8220;Todo mundo est\u00e1 dizendo que n\u00e3o aderiu no in\u00edcio porque os atos eram antirrepublicanos, mas n\u00f3s nunca tivemos essa pauta de fechamento do Congresso e do STF, \u00e9 um absurdo total&#8221;, afirma Bull.<\/p>\n\n\n\n<p>&#8220;Isso \u00e9 informa\u00e7\u00e3o plantada para desmoralizar o ato. Pode ter cartazes nesse sentido, \u00e9 a manifesta\u00e7\u00e3o da liberdade de express\u00e3o, mas os organizadores n\u00e3o falam essa l\u00edngua&#8221;, diz Ana Cl\u00e1udia Graf, dos Ativistas Independentes.<\/p>\n\n\n\n<p>A ret\u00f3rica agressiva, ainda usada por alguns apoiadores das manifesta\u00e7\u00f5es em redes sociais, afastou os movimentos que tradicionalmente mobilizaram atos de direita, como o MBL e o Vem Pra Rua.<\/p>\n\n\n\n<p>Mesmo o PSL, partido de Bolsonaro, decidiu n\u00e3o dar apoio formal \u00e0 convoca\u00e7\u00e3o, mas liberou seus filiados a participarem. O presidente da sigla, Luciano Bivar, disse n\u00e3o ver sentido nas manifesta\u00e7\u00f5es.<\/p>\n\n\n\n<p>Para incentivar a ideia de que se trata de um ato espont\u00e2neo, Bolsonaro tamb\u00e9m desistiu de participar e aconselhou ministros a fazerem o mesmo, embora apoie as manifesta\u00e7\u00f5es. Seus filhos endossaram o ato nas redes.<\/p>\n\n\n\n<p>Assim como os movimentos de direita, os parlamentares do PSL se dividiram. A l\u00edder de governo, Joice Hasselmann (SP), e a deputada estadual Janaina Paschoal (SP) criticam os atos.<\/p>\n\n\n\n<p>&#8220;Pelo amor de Deus, parem as convoca\u00e7\u00f5es! Essas pessoas precisam de um choque de realidade. N\u00e3o tem sentido quem est\u00e1 com o poder convocar manifesta\u00e7\u00f5es!&#8221;, tuitou Janaina, abrindo conflito com sua bancada na Assembleia Legislativa de S\u00e3o Paulo.<br>Outros nomes, como Major Ol\u00edmpio (SP) e Douglas Garcia (SP), que \u00e9 membro do Direita S\u00e3o Paulo, estar\u00e3o nas ruas. A deputada federal Carla Zambelli (SP), por exemplo, reclama que a manifesta\u00e7\u00e3o foi difamada e volta \u00e0 carga contra o STF, que formou maioria para definir homofobia como crime na quinta (23).<\/p>\n\n\n\n<p>&#8220;Segundo as &#8216;mentes brilhantes&#8217; da esquerda, eleitor de Bolsonaro indo \u00e0s ruas \u00e9 &#8216;amea\u00e7a \u00e0 democracia&#8217;, mas ministro do STF usurpando a compet\u00eancia legislativa do Congresso, n\u00e3o&#8221;, tuitou.<\/p>\n\n\n\n<p>Ao longo da semana, a manifesta\u00e7\u00e3o tamb\u00e9m ganhou apoio de monarquistas, do Clube Militar (com cerca de 38 mil s\u00f3cios, entre militares da ativa, da reserva e civis) e do Brasil 200, movimento de empres\u00e1rios que re\u00fane nomes como Fl\u00e1vio Rocha (Riachuelo) e Jo\u00e3o Appolin\u00e1rio (Polishop).<\/p>\n\n\n\n<p>Entre os caminhoneiros, h\u00e1 divis\u00e3o: muitos defendem o presidente contra o Congresso e o STF, mas outros dizem que n\u00e3o ir\u00e3o \u00e0s manifesta\u00e7\u00f5es e criticam a situa\u00e7\u00e3o da categoria. Parte deles \u00e9 defensora de interven\u00e7\u00e3o militar.<\/p>\n\n\n\n<p>O apoio aos atos \u00e9 t\u00edmido entre um dos pilares da elei\u00e7\u00e3o de Bolsonaro, os evang\u00e9licos. O deputado federal Silas C\u00e2mara (PRB-AM), presidente da frente evang\u00e9lica, diz ser a favor de que o povo se manifeste, mas n\u00e3o tocou no assunto em suas redes. &#8220;S\u00f3 n\u00e3o irei porque estou de licen\u00e7a m\u00e9dica, mas caso estivesse bom iria&#8221;, disse \u00e0 reportagem.<\/p>\n\n\n\n<p>O deputado Pastor Marco Feliciano (Podemos-SP) tuitou &#8220;pelo fim dos conchavos de gabinete&#8221;. &#8220;Desde quando protestar \u00e9 flertar com a ditadura? [&#8230;] Domingo todo mundo na rua de verde e amarelo, a favor de Bolsonaro contra as corpora\u00e7\u00f5es que tomaram o pa\u00eds de assalto!&#8221;, convocou. Ele tamb\u00e9m n\u00e3o sabe se ir\u00e1, pois tem compromissos no interior.<\/p>\n\n\n\n<p>OS PROTESTOS CONVOCADOS PARA DOMINGO (26)<\/p>\n\n\n\n<p>Pautas oficiais:<br>&#8211; Defesa da reforma da Previd\u00eancia;<br>&#8211; Defesa do pacote anticrime de Moro;<br>&#8211; Apoio \u00e0 Lava Jato e ao combate \u00e0 corrup\u00e7\u00e3o;<br>&#8211; Vota\u00e7\u00e3o nominal na MP da reforma administrativa, com a manuten\u00e7\u00e3o do Coaf com Moro;<br>&#8211; Defesa de medidas de Bolsonaro, como contingenciamento de gastos e decreto de armas.<\/p>\n\n\n\n<p>Quem vai participar:<br>&#8211; Clube Militar;<br>&#8211; Nas Ruas;<br>&#8211; Ativistas Independentes;<br>&#8211; Movimento Avan\u00e7a Brasil;<br>&#8211; Direita S\u00e3o Paulo;<br>&#8211; Patriotas Lobos Brasil;<br>&#8211; Movimento Brasil 200;<br>&#8211; Outros grupos de direita.<\/p>\n\n\n\n<p>Quem n\u00e3o vai participar e por qu\u00ea:<br>&#8211; Movimento Brasil Livre, critica pautas radicais como o fechamento do Congresso e do STF;<br>&#8211; Vem pra Rua, diz ter como pilar ser um movimento suprapartid\u00e1rio, o que n\u00e3o condiz com um ato de apoio a determinado governo;<br>&#8211; Partido Novo, afirma que &#8220;em manifesta\u00e7\u00f5es com pautas diversas e sem objetivo claro&#8221;, entende que cabe ao cidad\u00e3o decidir quanto ao apoio, e n\u00e3o ao partido;<br>&#8211; Deputada estadual Janaina Paschoal (PSL-SP), criticou a conduta inicial do governo de fomentar os protestos e defende que o presidente &#8220;aprenda a ouvir cr\u00edticas&#8221;.<\/p>\n\n\n\n<p>Divididos:<br>Caminhoneiros, dois l\u00edderes afirmaram que ir\u00e3o aos protestos, mas parte da categoria ainda n\u00e3o tem certeza se ir\u00e1 aderir.<\/p>\n","protected":false},"excerpt":{"rendered":"<p>No dia 12 de abril, movimentos de direita reunidos em S\u00e3o Paulo j\u00e1 anunciavam, em uma transmiss\u00e3o ao vivo pelas redes sociais, a convoca\u00e7\u00e3o para&hellip; <\/p>\n","protected":false},"author":1,"featured_media":96451,"comment_status":"closed","ping_status":"closed","sticky":false,"template":"","format":"standard","meta":{"sfsi_plus_gutenberg_text_before_share":"","sfsi_plus_gutenberg_show_text_before_share":"","sfsi_plus_gutenberg_icon_type":"","sfsi_plus_gutenberg_icon_alignemt":"","sfsi_plus_gutenburg_max_per_row":"","footnotes":""},"categories":[11],"tags":[],"class_list":["post-96450","post","type-post","status-publish","format-standard","has-post-thumbnail","hentry","category-politica"],"_links":{"self":[{"href":"https:\/\/www.caririemacao.com\/1\/wp-json\/wp\/v2\/posts\/96450","targetHints":{"allow":["GET"]}}],"collection":[{"href":"https:\/\/www.caririemacao.com\/1\/wp-json\/wp\/v2\/posts"}],"about":[{"href":"https:\/\/www.caririemacao.com\/1\/wp-json\/wp\/v2\/types\/post"}],"author":[{"embeddable":true,"href":"https:\/\/www.caririemacao.com\/1\/wp-json\/wp\/v2\/users\/1"}],"replies":[{"embeddable":true,"href":"https:\/\/www.caririemacao.com\/1\/wp-json\/wp\/v2\/comments?post=96450"}],"version-history":[{"count":1,"href":"https:\/\/www.caririemacao.com\/1\/wp-json\/wp\/v2\/posts\/96450\/revisions"}],"predecessor-version":[{"id":96452,"href":"https:\/\/www.caririemacao.com\/1\/wp-json\/wp\/v2\/posts\/96450\/revisions\/96452"}],"wp:featuredmedia":[{"embeddable":true,"href":"https:\/\/www.caririemacao.com\/1\/wp-json\/wp\/v2\/media\/96451"}],"wp:attachment":[{"href":"https:\/\/www.caririemacao.com\/1\/wp-json\/wp\/v2\/media?parent=96450"}],"wp:term":[{"taxonomy":"category","embeddable":true,"href":"https:\/\/www.caririemacao.com\/1\/wp-json\/wp\/v2\/categories?post=96450"},{"taxonomy":"post_tag","embeddable":true,"href":"https:\/\/www.caririemacao.com\/1\/wp-json\/wp\/v2\/tags?post=96450"}],"curies":[{"name":"wp","href":"https:\/\/api.w.org\/{rel}","templated":true}]}}