{"id":96453,"date":"2019-05-25T13:23:05","date_gmt":"2019-05-25T16:23:05","guid":{"rendered":"http:\/\/www.caririemacao.com\/1\/?p=96453"},"modified":"2019-05-25T13:23:05","modified_gmt":"2019-05-25T16:23:05","slug":"ufpb-debate-corte-no-orcamento-com-bancada-federal-do-estado","status":"publish","type":"post","link":"https:\/\/www.caririemacao.com\/1\/2019\/05\/25\/ufpb-debate-corte-no-orcamento-com-bancada-federal-do-estado\/","title":{"rendered":"UFPB debate corte no or\u00e7amento com bancada federal do Estado"},"content":{"rendered":"\n<p>A Universidade Federal da Para\u00edba debate nesta segunda-feira (27), o&nbsp;corte no or\u00e7amento das Institui\u00e7\u00f5es Federais de Ensino Superior (Ifes) paraibanas com bancada federal do Estado.&nbsp;O encontro tem o objetivo de sensibilizar a bancada federal paraibana, com o intuito de reverter o bloqueio no or\u00e7amento das Ifes no Estado.<\/p>\n\n\n\n<p>A reuni\u00e3o acontece na Assembleia Legislativa da Para\u00edba (ALPB), das 8h30 \u00e0s 11h.<\/p>\n\n\n\n<p>A UFPB ser\u00e1 representada pela reitora Margareth Diniz e a bancada federal \u00e9 representada por 12 deputados e tr\u00eas senadores.&nbsp;Os reitores da Universidade Federal da Campina Grande e do Instituto Federal da Para\u00edba (IFPB), respectivamente Vicem\u00e1rio Sim\u00f5es e C\u00edcero Lopes, tamb\u00e9m integram a comiss\u00e3o, assim como os 36 deputados estaduais. O grupo foi criado em audi\u00eancia p\u00fablica da ALPB, no dia 15 deste m\u00eas, o mesmo no qual ocorreu paralisa\u00e7\u00e3o nacional das Ifes.<\/p>\n\n\n\n<p>&nbsp;A ideia \u00e9 pleitear audi\u00eancia p\u00fablica com o ministro da Educa\u00e7\u00e3o, Abraham Weintraub, ou com o ministro-chefe da Casa&nbsp;Civil da Presid\u00eancia da Rep\u00fablica, Onyx Lorenzoni, a fim de apresentar extrato sobre o que foi discutido na audi\u00eancia p\u00fablica do dia 15, sobretudo os impactos negativos da medida.<\/p>\n\n\n\n<p>O corte no or\u00e7amento das Ifes de todo o pa\u00eds foi anunciado em&nbsp;30 de abril&nbsp;deste ano, pelo Governo Federal, por meio do Minist\u00e9rio da Educa\u00e7\u00e3o. Somente na Para\u00edba, o bloqueio nos recursos foi de mais de R$ 100 milh\u00f5es.<\/p>\n\n\n\n<p>Especificamente na UFPB, o corte foi de R$ 44.742.865,00 de recursos de custeio e de R$ 5.645.537,00 oriundos de emendas da bancada federal de deputados e de senadores, que totalizam um bloqueio de 32,75% no or\u00e7amento da institui\u00e7\u00e3o para este ano.&nbsp;<\/p>\n","protected":false},"excerpt":{"rendered":"<p>A Universidade Federal da Para\u00edba debate nesta segunda-feira (27), o&nbsp;corte no or\u00e7amento das Institui\u00e7\u00f5es Federais de Ensino Superior (Ifes) paraibanas com bancada federal do Estado.&nbsp;O&hellip; <\/p>\n","protected":false},"author":1,"featured_media":96454,"comment_status":"closed","ping_status":"closed","sticky":false,"template":"","format":"standard","meta":{"sfsi_plus_gutenberg_text_before_share":"","sfsi_plus_gutenberg_show_text_before_share":"","sfsi_plus_gutenberg_icon_type":"","sfsi_plus_gutenberg_icon_alignemt":"","sfsi_plus_gutenburg_max_per_row":"","footnotes":""},"categories":[2],"tags":[],"class_list":["post-96453","post","type-post","status-publish","format-standard","has-post-thumbnail","hentry","category-geral"],"_links":{"self":[{"href":"https:\/\/www.caririemacao.com\/1\/wp-json\/wp\/v2\/posts\/96453","targetHints":{"allow":["GET"]}}],"collection":[{"href":"https:\/\/www.caririemacao.com\/1\/wp-json\/wp\/v2\/posts"}],"about":[{"href":"https:\/\/www.caririemacao.com\/1\/wp-json\/wp\/v2\/types\/post"}],"author":[{"embeddable":true,"href":"https:\/\/www.caririemacao.com\/1\/wp-json\/wp\/v2\/users\/1"}],"replies":[{"embeddable":true,"href":"https:\/\/www.caririemacao.com\/1\/wp-json\/wp\/v2\/comments?post=96453"}],"version-history":[{"count":1,"href":"https:\/\/www.caririemacao.com\/1\/wp-json\/wp\/v2\/posts\/96453\/revisions"}],"predecessor-version":[{"id":96455,"href":"https:\/\/www.caririemacao.com\/1\/wp-json\/wp\/v2\/posts\/96453\/revisions\/96455"}],"wp:featuredmedia":[{"embeddable":true,"href":"https:\/\/www.caririemacao.com\/1\/wp-json\/wp\/v2\/media\/96454"}],"wp:attachment":[{"href":"https:\/\/www.caririemacao.com\/1\/wp-json\/wp\/v2\/media?parent=96453"}],"wp:term":[{"taxonomy":"category","embeddable":true,"href":"https:\/\/www.caririemacao.com\/1\/wp-json\/wp\/v2\/categories?post=96453"},{"taxonomy":"post_tag","embeddable":true,"href":"https:\/\/www.caririemacao.com\/1\/wp-json\/wp\/v2\/tags?post=96453"}],"curies":[{"name":"wp","href":"https:\/\/api.w.org\/{rel}","templated":true}]}}