{"id":96456,"date":"2019-05-25T13:31:41","date_gmt":"2019-05-25T16:31:41","guid":{"rendered":"http:\/\/www.caririemacao.com\/1\/?p=96456"},"modified":"2019-05-25T13:31:41","modified_gmt":"2019-05-25T16:31:41","slug":"casal-conta-como-rotina-de-vida-mudou-com-adocao-de-irmaos","status":"publish","type":"post","link":"https:\/\/www.caririemacao.com\/1\/2019\/05\/25\/casal-conta-como-rotina-de-vida-mudou-com-adocao-de-irmaos\/","title":{"rendered":"Casal conta como rotina de vida mudou com ado\u00e7\u00e3o de irm\u00e3os"},"content":{"rendered":"\n<p>casa antes sem crian\u00e7as, de repente, recebeu duas de uma s\u00f3 vez. E assim a vida do casal Rayssa e Danilo Farias foi transformada com a chegada de Anderson e Akira, irm\u00e3os que foram adotados por eles. A decis\u00e3o do casal de adotar irm\u00e3os foi na contram\u00e3o da maioria dos inscritos no Cadastro Nacional de Ado\u00e7\u00e3o, em que 61,9% dos adotantes declararam n\u00e3o querer irm\u00e3os.<\/p>\n\n\n\n<p>Danilo conta que Anderson e Akira t\u00eam um v\u00ednculo muito forte e uma separa\u00e7\u00e3o seria um trauma para eles. Com apenas tr\u00eas anos, o menino j\u00e1 se preocupava com a irm\u00e3, diante da aus\u00eancia de aten\u00e7\u00e3o da fam\u00edlia biol\u00f3gica. No abrigo, a preocupa\u00e7\u00e3o com Akira continuou e ele chegava a guardar sobremesa para a irm\u00e3.<\/p>\n\n\n\n<p>\u201cSabemos que irm\u00e3os s\u00e3o pontos de apoio e a hist\u00f3ria dos dois \u00e9 muito bonita. Ele tinha essa rela\u00e7\u00e3o de cuidado com ela e levou para o abrigo. Ele estava assumindo um papel que n\u00e3o \u00e9 de crian\u00e7a. Tivemos um trabalho para que o Anderson nos deixasse cuidar deles dois. Recomendo a ado\u00e7\u00e3o de irm\u00e3os porque \u00e9 muito bonita a vincula\u00e7\u00e3o\u201d, relatou Danilo, neste Dia Nacional da Ado\u00e7\u00e3o, 25 de maio.<\/p>\n\n\n\n<p>O casal Danilo e Rayssa tamb\u00e9m fugiu do perfil mais procurado pelos pretendentes ao adotar crian\u00e7as negras e com idade um pouco mais avan\u00e7ada \u2013 Anderson tinha quatro anos e meio. Dados do Cadastro Nacional de Ado\u00e7\u00e3o, vinculado ao Conselho Nacional de Justi\u00e7a (CNJ), mostram que o perfil indicado pelos adotantes \u00e9 principalmente de crian\u00e7as rec\u00e9m-nascidas, com um, dois ou tr\u00eas anos de idade e brancas. S\u00e3o 43% os que querem crian\u00e7as de at\u00e9 3 anos e 14,7% aceitam somente crian\u00e7as brancas.<\/p>\n\n\n\n<h2 class=\"wp-block-heading\">Tr\u00e2mites legais<\/h2>\n\n\n\n<p>Danilo e Rayssa esperaram quatro anos pela chegada de Anderson e Akira que foram adotados com, 2 anos e 4 anos, respectivamente. Ao longo desse per\u00edodo, apresentaram os documentos necess\u00e1rios para o processo de ado\u00e7\u00e3o, fizeram um curso e receberam a visita de assistente social para, s\u00f3 ent\u00e3o, serem considerados aptos a entrar no cadastro de ado\u00e7\u00e3o. Danilo conta que n\u00e3o esquece a emo\u00e7\u00e3o do momento em que recebeu a liga\u00e7\u00e3o com o chamado para ir \u00e0 vara de inf\u00e2ncia.<\/p>\n\n\n\n<p>\u201cEles est\u00e3o com a gente h\u00e1 cerca de tr\u00eas anos e mudaram toda a rotina, mudam os m\u00f3veis da casa, as atividades que a gente faz, que hoje s\u00e3o voltadas pra eles, e \u00e9 uma experi\u00eancia muito boa, de muito aprendizado. S\u00e3o crian\u00e7as muito carinhosas, muito espertas. N\u00e3o consigo imaginar minha vida sem eles\u201d, diz Danilo.<\/p>\n\n\n\n<p>Tamb\u00e9m n\u00e3o faltam desafios como aprender a lidar com a adapta\u00e7\u00e3o comum ao processo de ado\u00e7\u00e3o e com as birras e questionamentos t\u00edpicos da idade. \u201cS\u00e3o crian\u00e7as colocadas em um mundo muito diferente do que elas viveram e que a fam\u00edlia que adota precisa saber lidar para que elas tenham o melhor desenvolvimento poss\u00edvel\u201d, conta.<\/p>\n\n\n\n<h2 class=\"wp-block-heading\">Perfil e Espera<\/h2>\n\n\n\n<p>Os n\u00fameros do CNJ mostram que, atualmente, existem 46.002 pessoas interessadas em adotar e 9.514 crian\u00e7as e adolescentes aptos para serem adotados. De acordo com o CNJ, apesar de haver tantas pessoas interessadas em adotar, a demora no procedimento se deve, em boa parte, ao perfil indicado pelos adotantes.<\/p>\n\n\n\n<p>O advogado Hugo Damasceno Teles, representante da ONG Aconchego, de Bras\u00edlia, e da Associa\u00e7\u00e3o Nacional de Grupos de Apoio \u00e0 Ado\u00e7\u00e3o (Angaad), diz que essa conta n\u00e3o fecha por tratar do desejo e da capacidade das pessoas. \u201cTemos que ter cuidado com o que desejamos e com o que damos conta. Acredito que muitos n\u00e3o conseguem enfrentar a ado\u00e7\u00e3o de crian\u00e7as mais velhas e irm\u00e3os\u201d, avalia.<\/p>\n\n\n\n<p>Hugo Damasceno fala sobre o tema com a experi\u00eancia de quem adotou duas crian\u00e7as. Ele conta que, inicialmente, ele e a esposa preencheram o cadastro de ado\u00e7\u00e3o em busca de um beb\u00ea branco, com caracter\u00edsticas semelhantes \u00e0s do casal. Ap\u00f3s come\u00e7arem frequentar um grupo de apoio \u00e0 ado\u00e7\u00e3o chamado Aconchego, no Distrito Federal, eles perceberam que conseguiriam lidar com uma situa\u00e7\u00e3o diferente.<\/p>\n\n\n\n<p>\u201cQuando come\u00e7amos a ir no grupo de apoio nos fortalecemos e vimos que conseguir\u00edamos ir at\u00e9 um pouco al\u00e9m. Hoje temos crian\u00e7as negras e vemos os olhares nas ruas. O grupo de ado\u00e7\u00e3o me fortaleceu para o enfrentamento de escrever na minha testa, sou pai por ado\u00e7\u00e3o\u201d, relata.<\/p>\n\n\n\n<h2 class=\"wp-block-heading\">Avan\u00e7os na legisla\u00e7\u00e3o<\/h2>\n\n\n\n<p>O advogado diz que houve avan\u00e7os nos \u00faltimos anos que contribu\u00edram para tornar mais c\u00e9lere o processo de ado\u00e7\u00e3o como a Lei 12.010 de 2009 que criou o cadastro nacional de ado\u00e7\u00e3o e a Lei 13.509 de 2017 que estabeleceu prazos para a defini\u00e7\u00e3o da situa\u00e7\u00e3o das crian\u00e7as que est\u00e3o em abrigos.<\/p>\n\n\n\n<p>Mesmo assim, continuam frequentes as queixas sobre demora no processo de ado\u00e7\u00e3o. Hugo Damasceno Teles disse que, al\u00e9m de mudan\u00e7a na lei, \u00e9 preciso que haja tamb\u00e9m avan\u00e7os na infraestrutura e pessoal nas varas de inf\u00e2ncia e juventude.<\/p>\n\n\n\n<p>\u201cN\u00e3o tem equipe t\u00e9cnica multidisciplinar suficiente, \u00e9 muito pouca gente. Esse pessoal que vai no abrigo verificar a situa\u00e7\u00e3o da crian\u00e7a, vai no abrigo, analisa a vida dos candidatos. \u00c9 muito trabalho\u201d, explicou.<\/p>\n","protected":false},"excerpt":{"rendered":"<p>casa antes sem crian\u00e7as, de repente, recebeu duas de uma s\u00f3 vez. E assim a vida do casal Rayssa e Danilo Farias foi transformada com&hellip; <\/p>\n","protected":false},"author":1,"featured_media":96457,"comment_status":"closed","ping_status":"closed","sticky":false,"template":"","format":"standard","meta":{"sfsi_plus_gutenberg_text_before_share":"","sfsi_plus_gutenberg_show_text_before_share":"","sfsi_plus_gutenberg_icon_type":"","sfsi_plus_gutenberg_icon_alignemt":"","sfsi_plus_gutenburg_max_per_row":"","footnotes":""},"categories":[2],"tags":[],"class_list":["post-96456","post","type-post","status-publish","format-standard","has-post-thumbnail","hentry","category-geral"],"_links":{"self":[{"href":"https:\/\/www.caririemacao.com\/1\/wp-json\/wp\/v2\/posts\/96456","targetHints":{"allow":["GET"]}}],"collection":[{"href":"https:\/\/www.caririemacao.com\/1\/wp-json\/wp\/v2\/posts"}],"about":[{"href":"https:\/\/www.caririemacao.com\/1\/wp-json\/wp\/v2\/types\/post"}],"author":[{"embeddable":true,"href":"https:\/\/www.caririemacao.com\/1\/wp-json\/wp\/v2\/users\/1"}],"replies":[{"embeddable":true,"href":"https:\/\/www.caririemacao.com\/1\/wp-json\/wp\/v2\/comments?post=96456"}],"version-history":[{"count":1,"href":"https:\/\/www.caririemacao.com\/1\/wp-json\/wp\/v2\/posts\/96456\/revisions"}],"predecessor-version":[{"id":96458,"href":"https:\/\/www.caririemacao.com\/1\/wp-json\/wp\/v2\/posts\/96456\/revisions\/96458"}],"wp:featuredmedia":[{"embeddable":true,"href":"https:\/\/www.caririemacao.com\/1\/wp-json\/wp\/v2\/media\/96457"}],"wp:attachment":[{"href":"https:\/\/www.caririemacao.com\/1\/wp-json\/wp\/v2\/media?parent=96456"}],"wp:term":[{"taxonomy":"category","embeddable":true,"href":"https:\/\/www.caririemacao.com\/1\/wp-json\/wp\/v2\/categories?post=96456"},{"taxonomy":"post_tag","embeddable":true,"href":"https:\/\/www.caririemacao.com\/1\/wp-json\/wp\/v2\/tags?post=96456"}],"curies":[{"name":"wp","href":"https:\/\/api.w.org\/{rel}","templated":true}]}}