{"id":96460,"date":"2019-05-25T13:40:41","date_gmt":"2019-05-25T16:40:41","guid":{"rendered":"http:\/\/www.caririemacao.com\/1\/?p=96460"},"modified":"2019-05-25T13:40:41","modified_gmt":"2019-05-25T16:40:41","slug":"ex-ministro-palocci-banqueiro-pagou-custos-da-campanha-de-dilma-rousseff","status":"publish","type":"post","link":"https:\/\/www.caririemacao.com\/1\/2019\/05\/25\/ex-ministro-palocci-banqueiro-pagou-custos-da-campanha-de-dilma-rousseff\/","title":{"rendered":"Ex-ministro Palocci: banqueiro pagou custos da campanha de Dilma Rousseff"},"content":{"rendered":"\n<p> O ex-ministro Antonio Palocci disse em dela\u00e7\u00e3o premiada que o banqueiro Andr\u00e9 Esteves, dono do BTG, deu R$ 5 milh\u00f5es para cobrir custos da campanha da petista Dilma Rousseff \u00e0 Presid\u00eancia da Rep\u00fablica, em 2010.<\/p>\n\n\n\n<p>A contrapartida seria o governo petista transformar Esteves no \u201cbanqueiro do pr\u00e9-sal\u201d, segundo Palocci disse aos policiais federais em seu acordo de dela\u00e7\u00e3o. Procurado pela reportagem e informado sobre o teor da reportagem, Esteves n\u00e3o quis se manifestar.<\/p>\n\n\n\n<p>Palocci assinou tr\u00eas acordos de dela\u00e7\u00e3o, dois com a Pol\u00edcia Federal, de Curitiba e Bras\u00edlia, e um com o Minist\u00e9rio P\u00fablico Federal do Distrito Federal. O acordo de Curitiba foi recusado pela Procuradoria e criticado pelo procurador da Lava Jato Carlos Fernando Lima, que o chamou de \u201cacordo do fim da picada\u201d. Mais tarde, foi assinado com a PF e homologado pelo Tribunal Regional Federal da 4\u00aa Regi\u00e3o.<\/p>\n\n\n\n<p>Num outro caso, de 2015, Andr\u00e9 Esteves foi inocentado. Chegou a ficar 23 dias preso naquele ano por seu nome ter sido citado em conversas gravadas por um delator, num esquema que seria capitaneado pelo ex-senador do PT Delc\u00eddio do Amaral para obstruir a Lava Jato. Sem provas al\u00e9m da men\u00e7\u00e3o nas conversas, a pris\u00e3o de Esteves foi revertida, e o caso, encerrado pelo Supremo Tribunal Federal.<\/p>\n\n\n\n<p>A hist\u00f3ria agora contada por Palocci, negada por alguns dos citados e sem documentos que a comprovem, consta do termo de colabora\u00e7\u00e3o 7 do conjunto de hist\u00f3rias que comp\u00f5em a dela\u00e7\u00e3o que tramita em Curitiba e serve como base para investiga\u00e7\u00e3o de desvios na Petrobras.<\/p>\n\n\n\n<p>O documento tem data de 17 de abril de 2018 e trata de opera\u00e7\u00f5es de financiamento de navios-sonda para campos de petr\u00f3leo em alto mar.<\/p>\n\n\n\n<p>Segundo Palocci, em 2010, antes das elei\u00e7\u00f5es presidenciais, quando atuava na coordena\u00e7\u00e3o da campanha de Dilma, ele procurou os principais bancos do pa\u00eds com o objetivo de fazer a estrutura\u00e7\u00e3o financeira da opera\u00e7\u00e3o do pr\u00e9-sal.<\/p>\n\n\n\n<p>O ex-ministro disse \u00e0 PF que as conversas com todos os bancos foram feitas em \u201ctons republicanos\u201d, \u201cexceto com o BTG\u201d, com o qual eram \u201cmais fluidas\u201d. Ele tamb\u00e9m cita Bradesco e Santander.<\/p>\n\n\n\n<figure class=\"wp-block-image\"><img decoding=\"async\" data-src=\"https:\/\/paraibaonline.com.br\/wp-content\/uploads\/2017\/09\/palocci-556x417.jpg\" alt=\"Foto: Reprodu\u00e7\u00e3o\/ Internet\" class=\"wp-image-184254 lazyload\" src=\"data:image\/svg+xml;base64,PHN2ZyB3aWR0aD0iMSIgaGVpZ2h0PSIxIiB4bWxucz0iaHR0cDovL3d3dy53My5vcmcvMjAwMC9zdmciPjwvc3ZnPg==\" style=\"--smush-placeholder-width: 556px; --smush-placeholder-aspect-ratio: 556\/417;\" \/><\/figure>\n\n\n\n<p>Foto: Reprodu\u00e7\u00e3o\/ Internet<\/p>\n\n\n\n<p>Palocci afirma que foi feito um chamamento p\u00fablico para as institui\u00e7\u00f5es banc\u00e1rias apresentarem projetos de engenharia, e o Santander demonstrou forte interesse.<\/p>\n\n\n\n<p>Embora n\u00e3o houvesse ainda contrato do pr\u00e9-sal, a ideia era aproveitar o esfor\u00e7o na cobran\u00e7a de valores para a campanha presidencial. Diz Palocci que tratou de doa\u00e7\u00f5es com Santander, BTG e outros bancos para a campanha de 2010.<\/p>\n\n\n\n<p>Conforme a dela\u00e7\u00e3o, dias ap\u00f3s Dilma ser eleita, Esteves se reuniu com Palocci e informou que \u201cgostaria de consolidar definitivamente o relacionamento do BTG com o PT, com o colaborador [Palocci], com Lula e com Dilma [Rousseff], tornando-se o banqueiro do pr\u00e9-sal\u201d. Para isso, sempre de acordo com a dela\u00e7\u00e3o, ofereceu-se \u201cpara realizar qualquer opera\u00e7\u00e3o de mercado de interesse do governo\u201d e disponibilizou R$ 15 milh\u00f5es em esp\u00e9cie para o PT.<\/p>\n\n\n\n<p>Uma semana ap\u00f3s a conversa, Branislav Kontic, ex-assessor de Palocci, teria se encontrado com o pr\u00f3prio Esteves na sede do BTG, em S\u00e3o Paulo. Saiu de l\u00e1, segundo a dela\u00e7\u00e3o, com R$ 5 milh\u00f5es, que foram usados para pagar a fornecedores de campanha. Kontic negou \u00e0 reportagem que tenha ido pegar dinheiro com o banqueiro.<\/p>\n\n\n\n<p>Uma parte dos recursos, R$ 250 mil, foi destinada ao pagamento de despesas de viagem para Dilma descansar ap\u00f3s a elei\u00e7\u00e3o, segundo ele \u2013o ex-ministro diz que Esteves n\u00e3o sabia a destina\u00e7\u00e3o.<\/p>\n\n\n\n<p>Palocci usa em sua dela\u00e7\u00e3o como elementos de corrobora\u00e7\u00e3o anota\u00e7\u00f5es em agendas e diz que seu motorista pode comprovar o encontro dele com as pessoas citadas.<\/p>\n\n\n\n<p>O motorista Carlos Alberto Pocente prestou depoimento na PF, onde descreveu uma suposta rotina de encontros de Palocci e Kontic com pol\u00edticos e empres\u00e1rios. Ele diz que Palocci se encontrou com propriet\u00e1rios de BTG e Santander e que as reuni\u00f5es aconteciam at\u00e9 na resid\u00eancia de Esteves.<\/p>\n\n\n\n<p>O Bradesco foi o outro banco com o qual Palocci diz ter tratado, com Lazaro Brand\u00e3o e Luiz Trabuco, da estrutura\u00e7\u00e3o do pr\u00e9-sal. As rela\u00e7\u00f5es com o Bradesco, segundo a dela\u00e7\u00e3o, eram mais cuidadosas, e o banco n\u00e3o fez pedidos espec\u00edficos.<\/p>\n\n\n\n<p>OUTRO LADO<br>Procurado pela reportagem e informado sobre o teor da reportagem, Andr\u00e9 Esteves n\u00e3o quis se manifestar.<\/p>\n\n\n\n<p>A defesa de Palocci diz que ele continua colaborando com a Justi\u00e7a. \u201cNo entanto, por conta do sigilo do inqu\u00e9rito, a defesa n\u00e3o ir\u00e1 se manifestar sobre esse fato espec\u00edfico\u201d.<\/p>\n\n\n\n<p>Kontic, ex-assessor de Palocci, \u201cnega veementemente esta conduta\u201d. \u201cIsso nunca ocorreu, n\u00e3o passa de fic\u00e7\u00e3o.\u201d<\/p>\n\n\n\n<p>O Santander informou que \u201cadota elevados padr\u00f5es \u00e9ticos e rigorosos de compliance em todas as suas atividades e declara que n\u00e3o possui qualquer agenda il\u00edcita\u201d.<\/p>\n\n\n\n<p>O Bradesco e a ex-presidente Dilma n\u00e3o se manifestaram.<\/p>\n","protected":false},"excerpt":{"rendered":"<p>O ex-ministro Antonio Palocci disse em dela\u00e7\u00e3o premiada que o banqueiro Andr\u00e9 Esteves, dono do BTG, deu R$ 5 milh\u00f5es para cobrir custos da campanha&hellip; <\/p>\n","protected":false},"author":1,"featured_media":14417,"comment_status":"closed","ping_status":"closed","sticky":false,"template":"","format":"standard","meta":{"sfsi_plus_gutenberg_text_before_share":"","sfsi_plus_gutenberg_show_text_before_share":"","sfsi_plus_gutenberg_icon_type":"","sfsi_plus_gutenberg_icon_alignemt":"","sfsi_plus_gutenburg_max_per_row":"","footnotes":""},"categories":[11],"tags":[],"class_list":["post-96460","post","type-post","status-publish","format-standard","has-post-thumbnail","hentry","category-politica"],"_links":{"self":[{"href":"https:\/\/www.caririemacao.com\/1\/wp-json\/wp\/v2\/posts\/96460","targetHints":{"allow":["GET"]}}],"collection":[{"href":"https:\/\/www.caririemacao.com\/1\/wp-json\/wp\/v2\/posts"}],"about":[{"href":"https:\/\/www.caririemacao.com\/1\/wp-json\/wp\/v2\/types\/post"}],"author":[{"embeddable":true,"href":"https:\/\/www.caririemacao.com\/1\/wp-json\/wp\/v2\/users\/1"}],"replies":[{"embeddable":true,"href":"https:\/\/www.caririemacao.com\/1\/wp-json\/wp\/v2\/comments?post=96460"}],"version-history":[{"count":1,"href":"https:\/\/www.caririemacao.com\/1\/wp-json\/wp\/v2\/posts\/96460\/revisions"}],"predecessor-version":[{"id":96461,"href":"https:\/\/www.caririemacao.com\/1\/wp-json\/wp\/v2\/posts\/96460\/revisions\/96461"}],"wp:featuredmedia":[{"embeddable":true,"href":"https:\/\/www.caririemacao.com\/1\/wp-json\/wp\/v2\/media\/14417"}],"wp:attachment":[{"href":"https:\/\/www.caririemacao.com\/1\/wp-json\/wp\/v2\/media?parent=96460"}],"wp:term":[{"taxonomy":"category","embeddable":true,"href":"https:\/\/www.caririemacao.com\/1\/wp-json\/wp\/v2\/categories?post=96460"},{"taxonomy":"post_tag","embeddable":true,"href":"https:\/\/www.caririemacao.com\/1\/wp-json\/wp\/v2\/tags?post=96460"}],"curies":[{"name":"wp","href":"https:\/\/api.w.org\/{rel}","templated":true}]}}