{"id":96466,"date":"2019-05-25T14:26:08","date_gmt":"2019-05-25T17:26:08","guid":{"rendered":"http:\/\/www.caririemacao.com\/1\/?p=96466"},"modified":"2019-05-25T14:26:08","modified_gmt":"2019-05-25T17:26:08","slug":"neymar-se-apresenta-a-selecao-em-teresopolis","status":"publish","type":"post","link":"https:\/\/www.caririemacao.com\/1\/2019\/05\/25\/neymar-se-apresenta-a-selecao-em-teresopolis\/","title":{"rendered":"Neymar se apresenta \u00e0 Sele\u00e7\u00e3o em Teres\u00f3polis"},"content":{"rendered":"\n<p>Depois do encerramento da temporada para o PSG na \u00faltima sexta-feira (24), Neymar foi oficialmente liberado pelo clube franc\u00eas e, como esperado, se apresentou no in\u00edcio da tarde deste s\u00e1bado (25), \u00e0 Sele\u00e7\u00e3o na Granja Comary, em Teres\u00f3polis.<\/p>\n\n\n\n<p>&#8211; Tava louco para incorporar no time, na equipe. O foco \u00e9 100%. Estou feliz. Feliz de estar chegando &#8211; disse Neymar em entrevista \u00e0 CBF TV.<\/p>\n\n\n\n<p>O atacante do PSG \u00e9 o nono jogador a se apresentar ao t\u00e9cnico Tite para os treinos visando a Copa Am\u00e9rica, j\u00e1 que Allan, volante do Napoli, chegou a Teres\u00f3polis na manh\u00e3 da \u00faltima sexta-feira.<\/p>\n","protected":false},"excerpt":{"rendered":"<p>Depois do encerramento da temporada para o PSG na \u00faltima sexta-feira (24), Neymar foi oficialmente liberado pelo clube franc\u00eas e, como esperado, se apresentou no&hellip; <\/p>\n","protected":false},"author":1,"featured_media":96469,"comment_status":"closed","ping_status":"closed","sticky":false,"template":"","format":"standard","meta":{"sfsi_plus_gutenberg_text_before_share":"","sfsi_plus_gutenberg_show_text_before_share":"","sfsi_plus_gutenberg_icon_type":"","sfsi_plus_gutenberg_icon_alignemt":"","sfsi_plus_gutenburg_max_per_row":"","footnotes":""},"categories":[13],"tags":[],"class_list":["post-96466","post","type-post","status-publish","format-standard","has-post-thumbnail","hentry","category-esportes"],"_links":{"self":[{"href":"https:\/\/www.caririemacao.com\/1\/wp-json\/wp\/v2\/posts\/96466","targetHints":{"allow":["GET"]}}],"collection":[{"href":"https:\/\/www.caririemacao.com\/1\/wp-json\/wp\/v2\/posts"}],"about":[{"href":"https:\/\/www.caririemacao.com\/1\/wp-json\/wp\/v2\/types\/post"}],"author":[{"embeddable":true,"href":"https:\/\/www.caririemacao.com\/1\/wp-json\/wp\/v2\/users\/1"}],"replies":[{"embeddable":true,"href":"https:\/\/www.caririemacao.com\/1\/wp-json\/wp\/v2\/comments?post=96466"}],"version-history":[{"count":1,"href":"https:\/\/www.caririemacao.com\/1\/wp-json\/wp\/v2\/posts\/96466\/revisions"}],"predecessor-version":[{"id":96470,"href":"https:\/\/www.caririemacao.com\/1\/wp-json\/wp\/v2\/posts\/96466\/revisions\/96470"}],"wp:featuredmedia":[{"embeddable":true,"href":"https:\/\/www.caririemacao.com\/1\/wp-json\/wp\/v2\/media\/96469"}],"wp:attachment":[{"href":"https:\/\/www.caririemacao.com\/1\/wp-json\/wp\/v2\/media?parent=96466"}],"wp:term":[{"taxonomy":"category","embeddable":true,"href":"https:\/\/www.caririemacao.com\/1\/wp-json\/wp\/v2\/categories?post=96466"},{"taxonomy":"post_tag","embeddable":true,"href":"https:\/\/www.caririemacao.com\/1\/wp-json\/wp\/v2\/tags?post=96466"}],"curies":[{"name":"wp","href":"https:\/\/api.w.org\/{rel}","templated":true}]}}