{"id":96471,"date":"2019-05-25T14:32:44","date_gmt":"2019-05-25T17:32:44","guid":{"rendered":"http:\/\/www.caririemacao.com\/1\/?p=96471"},"modified":"2019-05-25T14:32:44","modified_gmt":"2019-05-25T17:32:44","slug":"prefeitura-de-sume-abre-processo-seletivo-para-contratacao-no-programa-crianca-feliz-2","status":"publish","type":"post","link":"https:\/\/www.caririemacao.com\/1\/2019\/05\/25\/prefeitura-de-sume-abre-processo-seletivo-para-contratacao-no-programa-crianca-feliz-2\/","title":{"rendered":"Prefeitura de Sum\u00e9 abre Processo Seletivo para contrata\u00e7\u00e3o no Programa Crian\u00e7a Feliz"},"content":{"rendered":"\n<p>A \u00a0Prefeitura de Sum\u00e9 abriu cinco vagas em Processo Seletivo P\u00fablico para visitadores do Programa Crian\u00e7a Feliz.<\/p>\n\n\n\n<p>O Processo Seletivo destina-se ao provimento de vagas para contrata\u00e7\u00e3o em car\u00e1ter excepcional pelo prazo de 12 meses, podendo ser prorrogado por igual per\u00edodo, com forma\u00e7\u00e3o de cadastro de reserva nos casos de rescis\u00e3o.<\/p>\n\n\n\n<p>As inscri\u00e7\u00f5es v\u00e3o de 27 a 29 de maio, respectivamente segunda a quarta-feira, das 08h \u00e0s 13h, devendo ser feitas na sede do Programa Bolsa Fam\u00edlia, localizada na Rua Ant\u00f4nio Leite, 235, no bairro Alto Alegre.<\/p>\n\n\n\n<p>No ato de inscri\u00e7\u00e3o o candidato dever\u00e1 preencher o formul\u00e1rio em duas vias e apresentar assinado \u00e0 comiss\u00e3o. Anexar junto \u00e0 ficha de inscri\u00e7\u00e3o, c\u00f3pia de documento oficial com foto e certificado de conclus\u00e3o de ensino m\u00e9dio ou de n\u00edvel mais elevado; Rubricar, junto \u00e0 Comiss\u00e3o ou equipe designada, o lacre do envelope contendo seu curr\u00edculo e as devidas comprova\u00e7\u00f5es.<\/p>\n\n\n\n<p>Podem participar maiores de 18 anos de idade, da data de assinatura do contrato, e que tenham a partir do ensino m\u00e9dio completo. A carga hor\u00e1ria \u00e9 de 40 horas semanais com remunera\u00e7\u00e3o de R$ 998,00.<\/p>\n\n\n\n<p>O Processo Seletivo constar\u00e1 de duas etapas: an\u00e1lise curricular e entrevista. O Edital com todas as informa\u00e7\u00f5es est\u00e1 publicado no Boletim Oficial do Munic\u00edpio de 24 de maio de 2019.<\/p>\n","protected":false},"excerpt":{"rendered":"<p>A \u00a0Prefeitura de Sum\u00e9 abriu cinco vagas em Processo Seletivo P\u00fablico para visitadores do Programa Crian\u00e7a Feliz. O Processo Seletivo destina-se ao provimento de vagas&hellip; <\/p>\n","protected":false},"author":1,"featured_media":96472,"comment_status":"closed","ping_status":"closed","sticky":false,"template":"","format":"standard","meta":{"sfsi_plus_gutenberg_text_before_share":"","sfsi_plus_gutenberg_show_text_before_share":"","sfsi_plus_gutenberg_icon_type":"","sfsi_plus_gutenberg_icon_alignemt":"","sfsi_plus_gutenburg_max_per_row":"","footnotes":""},"categories":[2],"tags":[],"class_list":["post-96471","post","type-post","status-publish","format-standard","has-post-thumbnail","hentry","category-geral"],"_links":{"self":[{"href":"https:\/\/www.caririemacao.com\/1\/wp-json\/wp\/v2\/posts\/96471","targetHints":{"allow":["GET"]}}],"collection":[{"href":"https:\/\/www.caririemacao.com\/1\/wp-json\/wp\/v2\/posts"}],"about":[{"href":"https:\/\/www.caririemacao.com\/1\/wp-json\/wp\/v2\/types\/post"}],"author":[{"embeddable":true,"href":"https:\/\/www.caririemacao.com\/1\/wp-json\/wp\/v2\/users\/1"}],"replies":[{"embeddable":true,"href":"https:\/\/www.caririemacao.com\/1\/wp-json\/wp\/v2\/comments?post=96471"}],"version-history":[{"count":1,"href":"https:\/\/www.caririemacao.com\/1\/wp-json\/wp\/v2\/posts\/96471\/revisions"}],"predecessor-version":[{"id":96473,"href":"https:\/\/www.caririemacao.com\/1\/wp-json\/wp\/v2\/posts\/96471\/revisions\/96473"}],"wp:featuredmedia":[{"embeddable":true,"href":"https:\/\/www.caririemacao.com\/1\/wp-json\/wp\/v2\/media\/96472"}],"wp:attachment":[{"href":"https:\/\/www.caririemacao.com\/1\/wp-json\/wp\/v2\/media?parent=96471"}],"wp:term":[{"taxonomy":"category","embeddable":true,"href":"https:\/\/www.caririemacao.com\/1\/wp-json\/wp\/v2\/categories?post=96471"},{"taxonomy":"post_tag","embeddable":true,"href":"https:\/\/www.caririemacao.com\/1\/wp-json\/wp\/v2\/tags?post=96471"}],"curies":[{"name":"wp","href":"https:\/\/api.w.org\/{rel}","templated":true}]}}