{"id":96474,"date":"2019-05-25T17:39:48","date_gmt":"2019-05-25T20:39:48","guid":{"rendered":"http:\/\/www.caririemacao.com\/1\/?p=96474"},"modified":"2019-05-25T17:39:48","modified_gmt":"2019-05-25T20:39:48","slug":"jogos-escolares-e-paraescolares-2019-serao-abertos-nesta-segunda-na-paraiba","status":"publish","type":"post","link":"https:\/\/www.caririemacao.com\/1\/2019\/05\/25\/jogos-escolares-e-paraescolares-2019-serao-abertos-nesta-segunda-na-paraiba\/","title":{"rendered":"Jogos Escolares e Paraescolares 2019 ser\u00e3o abertos nesta segunda na Para\u00edba"},"content":{"rendered":"\n<p>Os Jogos Escolares e Paraescolares da Para\u00edba 2019 ter\u00e3o in\u00edcio na segunda-feira (27) com a abertura a ser realizada no gin\u00e1sio principal da Vila Ol\u00edmpica Parahyba, \u00e0s 15h. Organizado e realizado pelo Governo do Estado, por meio da Secretaria de Estado da Juventude, Esporte e Lazer (Sejel), mais uma vez o evento ocorrer\u00e1 nas 14 regi\u00f5es do estado.<\/p>\n\n\n\n<p>Ao todo, aproximadamente 25 mil atletas, entre 12 e 17 anos, espalhados por toda a Para\u00edba disputar\u00e3o nas modalidades de futsal, voleibol, basquete, handebol, gin\u00e1stica r\u00edtmica, t\u00eanis de mesa, v\u00f4lei de praia, atletismo, nata\u00e7\u00e3o, badminton, jud\u00f4, luta ol\u00edmpica e ciclismo. J\u00e1 a faixa et\u00e1ria dos atletas \u00e9 entre 12 e 17 anos.<\/p>\n\n\n\n<p>Pelo calend\u00e1rio oficial, dia 27 come\u00e7ar\u00e3o as etapas das regi\u00f5es de Jo\u00e3o Pessoa, Campina Grande, Sousa e Cajazeiras. Um dia depois, ser\u00e1 a vez de Pombal e Catol\u00e9 do Rocha e de 3 a 15 de junho, Monteiro, Mamanguape, Patos, Itaporanga, Guarabira, Cuit\u00e9 e Princesa Isabel. Cada etapa tem a dura\u00e7\u00e3o m\u00e9dia de 10 dias.<\/p>\n\n\n\n<p>De acordo com o regulamento, as escolas que vencerem as etapas regionais disputam a fase inter-regional, que \u00e9 classificat\u00f3ria para a estadual, na qual os campe\u00f5es ganham o direito de ir para etapa Nordeste dos Jogos Escolares da Juventude.&nbsp;<\/p>\n","protected":false},"excerpt":{"rendered":"<p>Os Jogos Escolares e Paraescolares da Para\u00edba 2019 ter\u00e3o in\u00edcio na segunda-feira (27) com a abertura a ser realizada no gin\u00e1sio principal da Vila Ol\u00edmpica&hellip; <\/p>\n","protected":false},"author":1,"featured_media":96475,"comment_status":"closed","ping_status":"closed","sticky":false,"template":"","format":"standard","meta":{"sfsi_plus_gutenberg_text_before_share":"","sfsi_plus_gutenberg_show_text_before_share":"","sfsi_plus_gutenberg_icon_type":"","sfsi_plus_gutenberg_icon_alignemt":"","sfsi_plus_gutenburg_max_per_row":"","footnotes":""},"categories":[14],"tags":[],"class_list":["post-96474","post","type-post","status-publish","format-standard","has-post-thumbnail","hentry","category-educacao"],"_links":{"self":[{"href":"https:\/\/www.caririemacao.com\/1\/wp-json\/wp\/v2\/posts\/96474","targetHints":{"allow":["GET"]}}],"collection":[{"href":"https:\/\/www.caririemacao.com\/1\/wp-json\/wp\/v2\/posts"}],"about":[{"href":"https:\/\/www.caririemacao.com\/1\/wp-json\/wp\/v2\/types\/post"}],"author":[{"embeddable":true,"href":"https:\/\/www.caririemacao.com\/1\/wp-json\/wp\/v2\/users\/1"}],"replies":[{"embeddable":true,"href":"https:\/\/www.caririemacao.com\/1\/wp-json\/wp\/v2\/comments?post=96474"}],"version-history":[{"count":1,"href":"https:\/\/www.caririemacao.com\/1\/wp-json\/wp\/v2\/posts\/96474\/revisions"}],"predecessor-version":[{"id":96476,"href":"https:\/\/www.caririemacao.com\/1\/wp-json\/wp\/v2\/posts\/96474\/revisions\/96476"}],"wp:featuredmedia":[{"embeddable":true,"href":"https:\/\/www.caririemacao.com\/1\/wp-json\/wp\/v2\/media\/96475"}],"wp:attachment":[{"href":"https:\/\/www.caririemacao.com\/1\/wp-json\/wp\/v2\/media?parent=96474"}],"wp:term":[{"taxonomy":"category","embeddable":true,"href":"https:\/\/www.caririemacao.com\/1\/wp-json\/wp\/v2\/categories?post=96474"},{"taxonomy":"post_tag","embeddable":true,"href":"https:\/\/www.caririemacao.com\/1\/wp-json\/wp\/v2\/tags?post=96474"}],"curies":[{"name":"wp","href":"https:\/\/api.w.org\/{rel}","templated":true}]}}