{"id":96477,"date":"2019-05-25T17:42:34","date_gmt":"2019-05-25T20:42:34","guid":{"rendered":"http:\/\/www.caririemacao.com\/1\/?p=96477"},"modified":"2019-05-25T17:42:34","modified_gmt":"2019-05-25T20:42:34","slug":"papa-francisco-critica-diagnostico-pre-natal-e-diz-que-aborto-nao-e-solucao","status":"publish","type":"post","link":"https:\/\/www.caririemacao.com\/1\/2019\/05\/25\/papa-francisco-critica-diagnostico-pre-natal-e-diz-que-aborto-nao-e-solucao\/","title":{"rendered":"Papa Francisco critica diagn\u00f3stico pr\u00e9-natal e diz que aborto n\u00e3o \u00e9 solu\u00e7\u00e3o"},"content":{"rendered":"\n<p>Papa Francisco criticou neste s\u00e1bado (25) o &#8220;diagn\u00f3stico pr\u00e9-natal&#8221; realizado pela medicina que antecipa doen\u00e7as no feto e opinou que, para esses casos, o aborto n\u00e3o \u00e9 a solu\u00e7\u00e3o para tais problemas.<\/p>\n\n\n\n<p>&#8220;O medo e a hostilidade relativos \u00e0 defici\u00eancia levam com frequ\u00eancia \u00e0 escolha do aborto, configurando-o como uma pr\u00e1tica de preven\u00e7\u00e3o. [&#8230;] O aborto nunca \u00e9 a resposta que as mulheres e as fam\u00edlias procuram&#8221;, disse o pont\u00edfice em um encontro com os participantes do congresso internacional &#8216;Yes to Life&#8217; (&#8220;Sim \u00e0 Vida&#8221;) no Vaticano.<\/p>\n\n\n\n<p>Para Francisco, &#8220;a vida humana \u00e9 sagrada e inviol\u00e1vel e a utiliza\u00e7\u00e3o do diagn\u00f3stico pr\u00e9-natal com fins seletivos deve ser desencorajada porque \u00e9 a express\u00e3o de uma mentalidade desumana de eugenia, que priva as fam\u00edlias da possibilidade de acolher, abra\u00e7ar e amar seus filhos mais fr\u00e1geis&#8221;, acrescentou o l\u00edder cat\u00f3lico.<\/p>\n\n\n\n<p>O papa acrescentou que &#8220;as crian\u00e7as, desde o ventre materno&#8221; s\u00e3o &#8220;pequenos pacientes, que frequentemente podem ser curados com interven\u00e7\u00f5es farmacol\u00f3gicas, cir\u00fargicas e assistenciais extraordin\u00e1rias&#8221;.<\/p>\n\n\n\n<p>Al\u00e9m disso, Francisco argumentou que essas crian\u00e7as s\u00e3o capazes de &#8220;reduzir a terr\u00edvel lacuna entre as possibilidades diagn\u00f3sticas e terap\u00eauticas, que durante anos foi uma das causas do aborto volunt\u00e1rio e do abandono da aten\u00e7\u00e3o ao nascer de muitas crian\u00e7as com doen\u00e7as graves&#8221;.<\/p>\n\n\n\n<p>Por fim, o pont\u00edfice reconheceu que &#8220;as t\u00e9cnicas modernas de diagn\u00f3stico pr\u00e9-natal s\u00e3o capazes de descobrir desde as primeiras semanas a presen\u00e7a de m\u00e1s-forma\u00e7\u00f5es e patologias&#8221;, mas advertiu que &#8220;a evolu\u00e7\u00e3o de cada doen\u00e7a \u00e9 sempre subjetiva e nem sequer os m\u00e9dicos sabem com frequ\u00eancia como ela se manifestar\u00e1 em cada indiv\u00edduo&#8221;<\/p>\n","protected":false},"excerpt":{"rendered":"<p>Papa Francisco criticou neste s\u00e1bado (25) o &#8220;diagn\u00f3stico pr\u00e9-natal&#8221; realizado pela medicina que antecipa doen\u00e7as no feto e opinou que, para esses casos, o aborto&hellip; <\/p>\n","protected":false},"author":1,"featured_media":96478,"comment_status":"closed","ping_status":"closed","sticky":false,"template":"","format":"standard","meta":{"sfsi_plus_gutenberg_text_before_share":"","sfsi_plus_gutenberg_show_text_before_share":"","sfsi_plus_gutenberg_icon_type":"","sfsi_plus_gutenberg_icon_alignemt":"","sfsi_plus_gutenburg_max_per_row":"","footnotes":""},"categories":[2],"tags":[],"class_list":["post-96477","post","type-post","status-publish","format-standard","has-post-thumbnail","hentry","category-geral"],"_links":{"self":[{"href":"https:\/\/www.caririemacao.com\/1\/wp-json\/wp\/v2\/posts\/96477","targetHints":{"allow":["GET"]}}],"collection":[{"href":"https:\/\/www.caririemacao.com\/1\/wp-json\/wp\/v2\/posts"}],"about":[{"href":"https:\/\/www.caririemacao.com\/1\/wp-json\/wp\/v2\/types\/post"}],"author":[{"embeddable":true,"href":"https:\/\/www.caririemacao.com\/1\/wp-json\/wp\/v2\/users\/1"}],"replies":[{"embeddable":true,"href":"https:\/\/www.caririemacao.com\/1\/wp-json\/wp\/v2\/comments?post=96477"}],"version-history":[{"count":1,"href":"https:\/\/www.caririemacao.com\/1\/wp-json\/wp\/v2\/posts\/96477\/revisions"}],"predecessor-version":[{"id":96479,"href":"https:\/\/www.caririemacao.com\/1\/wp-json\/wp\/v2\/posts\/96477\/revisions\/96479"}],"wp:featuredmedia":[{"embeddable":true,"href":"https:\/\/www.caririemacao.com\/1\/wp-json\/wp\/v2\/media\/96478"}],"wp:attachment":[{"href":"https:\/\/www.caririemacao.com\/1\/wp-json\/wp\/v2\/media?parent=96477"}],"wp:term":[{"taxonomy":"category","embeddable":true,"href":"https:\/\/www.caririemacao.com\/1\/wp-json\/wp\/v2\/categories?post=96477"},{"taxonomy":"post_tag","embeddable":true,"href":"https:\/\/www.caririemacao.com\/1\/wp-json\/wp\/v2\/tags?post=96477"}],"curies":[{"name":"wp","href":"https:\/\/api.w.org\/{rel}","templated":true}]}}