{"id":96480,"date":"2019-05-25T17:48:43","date_gmt":"2019-05-25T20:48:43","guid":{"rendered":"http:\/\/www.caririemacao.com\/1\/?p=96480"},"modified":"2019-05-25T17:48:43","modified_gmt":"2019-05-25T20:48:43","slug":"atencao-petrobras-baixou-o-preco-da-gasolina-neste-sabado","status":"publish","type":"post","link":"https:\/\/www.caririemacao.com\/1\/2019\/05\/25\/atencao-petrobras-baixou-o-preco-da-gasolina-neste-sabado\/","title":{"rendered":"Aten\u00e7\u00e3o!! Petrobras baixou o pre\u00e7o da gasolina neste s\u00e1bado"},"content":{"rendered":"\n<p>A Petrobras reduziu os pre\u00e7os da gasolina nas refinarias em 4,4%, em m\u00e9dia, a partir deste s\u00e1bado (25), um corte de 0,0907 real por litro, para R$ 1,9543, segundo informa\u00e7\u00f5es no site da companhia nesta sexta-feira (24).<\/p>\n\n\n\n<p>O reajuste, primeiro na gasolina desde 30 de abril, acontece em uma semana em que o mercado de petr\u00f3leo marcou o pior desempenho de 2019, com o barril do Brent, refer\u00eancia internacional, recuando 4,5% desde segunda-feira.<\/p>\n","protected":false},"excerpt":{"rendered":"<p>A Petrobras reduziu os pre\u00e7os da gasolina nas refinarias em 4,4%, em m\u00e9dia, a partir deste s\u00e1bado (25), um corte de 0,0907 real por litro,&hellip; <\/p>\n","protected":false},"author":1,"featured_media":96481,"comment_status":"closed","ping_status":"closed","sticky":false,"template":"","format":"standard","meta":{"sfsi_plus_gutenberg_text_before_share":"","sfsi_plus_gutenberg_show_text_before_share":"","sfsi_plus_gutenberg_icon_type":"","sfsi_plus_gutenberg_icon_alignemt":"","sfsi_plus_gutenburg_max_per_row":"","footnotes":""},"categories":[2],"tags":[],"class_list":["post-96480","post","type-post","status-publish","format-standard","has-post-thumbnail","hentry","category-geral"],"_links":{"self":[{"href":"https:\/\/www.caririemacao.com\/1\/wp-json\/wp\/v2\/posts\/96480","targetHints":{"allow":["GET"]}}],"collection":[{"href":"https:\/\/www.caririemacao.com\/1\/wp-json\/wp\/v2\/posts"}],"about":[{"href":"https:\/\/www.caririemacao.com\/1\/wp-json\/wp\/v2\/types\/post"}],"author":[{"embeddable":true,"href":"https:\/\/www.caririemacao.com\/1\/wp-json\/wp\/v2\/users\/1"}],"replies":[{"embeddable":true,"href":"https:\/\/www.caririemacao.com\/1\/wp-json\/wp\/v2\/comments?post=96480"}],"version-history":[{"count":1,"href":"https:\/\/www.caririemacao.com\/1\/wp-json\/wp\/v2\/posts\/96480\/revisions"}],"predecessor-version":[{"id":96482,"href":"https:\/\/www.caririemacao.com\/1\/wp-json\/wp\/v2\/posts\/96480\/revisions\/96482"}],"wp:featuredmedia":[{"embeddable":true,"href":"https:\/\/www.caririemacao.com\/1\/wp-json\/wp\/v2\/media\/96481"}],"wp:attachment":[{"href":"https:\/\/www.caririemacao.com\/1\/wp-json\/wp\/v2\/media?parent=96480"}],"wp:term":[{"taxonomy":"category","embeddable":true,"href":"https:\/\/www.caririemacao.com\/1\/wp-json\/wp\/v2\/categories?post=96480"},{"taxonomy":"post_tag","embeddable":true,"href":"https:\/\/www.caririemacao.com\/1\/wp-json\/wp\/v2\/tags?post=96480"}],"curies":[{"name":"wp","href":"https:\/\/api.w.org\/{rel}","templated":true}]}}