{"id":96483,"date":"2019-05-25T17:57:12","date_gmt":"2019-05-25T20:57:12","guid":{"rendered":"http:\/\/www.caririemacao.com\/1\/?p=96483"},"modified":"2019-05-25T17:57:12","modified_gmt":"2019-05-25T20:57:12","slug":"feira-em-sao-paulo-oferece-vagas-para-estagio-e-aprendiz","status":"publish","type":"post","link":"https:\/\/www.caririemacao.com\/1\/2019\/05\/25\/feira-em-sao-paulo-oferece-vagas-para-estagio-e-aprendiz\/","title":{"rendered":"Feira em S\u00e3o Paulo oferece vagas para est\u00e1gio e aprendiz"},"content":{"rendered":"\n<p>Uma feira estudantil, que oferece vagas de est\u00e1gio e de jovem aprendiz na capital paulista, atraiu milhares de jovens ao pr\u00e9dio da Funda\u00e7\u00e3o Bienal, no Parque Ibirapuera, em S\u00e3o Paulo. Neste s\u00e1bado (25), \u00faltimo dia do evento, centenas de jovens aguardavam, em uma imensa fila do lado de fora, a vez de entrar.<br>&nbsp;<br>A 22\u00aa edi\u00e7\u00e3o da Expo Centro de Integra\u00e7\u00e3o Empresa-Escola \u2013 CIEE &#8211; ofereceu 9 mil vagas em S\u00e3o Paulo e na regi\u00e3o metropolitana, sendo que sete mil delas s\u00e3o para est\u00e1gio. Somente ontem, segundo os organizadores, mais de 16 mil jovens passaram pela feira em busca de uma vaga de est\u00e1gio ou de aprendiz.<br>&nbsp;<br>Um dos estandes mais concorridos era justamente o que oferecia vagas: neste local, os jovens se cadastravam em um banco de vagas ou atualizavam seus dados cadastrais.<\/p>\n\n\n\n<p>Mas na feira, eles puderam tamb\u00e9m emitir a carteira de trabalho, assistir palestras e participar da Game Arena, um espa\u00e7o que re\u00fane simulador de corrida e \u00f3culos de realidade virtual, entre outros.<br>&nbsp;<br>\u201cEssa \u00e9 a maior feira estudantil da Am\u00e9rica Latina e est\u00e1 baseada em tr\u00eas pilares: informa\u00e7\u00e3o, capacita\u00e7\u00e3o e orienta\u00e7\u00e3o profissional para o jovem\u201d, disse Marco Panza, gerente de feiras do CIEE. \u201cTemos aqui mais de 65 expositores e 15 apoiadores. Temos 120 palestras, que falam de voca\u00e7\u00e3o, direito digital, comunica\u00e7\u00e3o, tecnologia e empreendedorismo\u201d, disse ele em entrevista hoje (25) \u00e0 Ag\u00eancia Brasil.<br>&nbsp;<br>Segundo Panza, em dois dias de feira (entre quinta e sexta-feira), quase tr\u00eas mil pessoas foram atendidas na busca por vagas, n\u00famero que deve ser ultrapassado hoje, j\u00e1 que a feira termina somente \u00e0s 19h.<\/p>\n\n\n\n<p>\u201cA quest\u00e3o das vagas \u00e9 o que mais atrai os jovens [para a feira], mas tamb\u00e9m as plataformas de entretenimento. Pela primeira vez montamos uma arena de games onde tem at\u00e9 uma linha de tempo e ele pode olhar os jogos da d\u00e9cada de 80, por exemplo. E isso tudo de forma gratuita\u201d, explicou Panza.<br>&nbsp;<br>Quem procura uma vaga de est\u00e1gio ou de aprendiz, disse ele, busca tanto crescimento e aprendizagem profissional quanto a remunera\u00e7\u00e3o.<\/p>\n\n\n\n<p>\u201cMuitos estudantes se auxiliam atrav\u00e9s do est\u00e1gio como complemento de renda familiar, principalmente na conjuntura que o pa\u00eds vive hoje. A grande maioria est\u00e1 nessa fatia do bolo\u201d, disse.<\/p>\n\n\n\n<h2 class=\"wp-block-heading\">Percentuais<\/h2>\n\n\n\n<p>No ano passado, explicou, 80% do p\u00fablico da feira eram formados por jovens entre 16 e 24 anos. \u201cE, desde o ano passado, temos observado crescimento do jovem universit\u00e1rio na feira. No ano passado, 18% da feira eram formados por universit\u00e1rios. O diagn\u00f3stico que a gente tira \u00e9 que o jovem talvez n\u00e3o esteja satisfeito, n\u00e3o se encontrou, o que \u00e9 comum\u201d, falou.<br>&nbsp;<br>A estudante Maria Gabriela Santos Figueiroa, 17 anos, que cursa o terceiro ano do Ensino M\u00e9dio e pensa em fazer faculdade de Medicina, aproveitou a feira para tirar sua carteira de trabalho. \u201cVim para conhecer, para saber como \u00e9\u201d, contou.<\/p>\n\n\n\n<p>\u201cEssa feira \u00e9 importante para a gente pensar um pouco sobre o que a gente quer ser. Tem op\u00e7\u00f5es de cursos aqui, est\u00e1gios. \u00c9 muito bom\u201d, afirmou.<br>&nbsp;<br>J\u00e1 a estudante Rafaela Almeida Cruz, 16 anos, que tamb\u00e9m est\u00e1 no terceiro ano do Ensino M\u00e9dio, foi \u00e0 feira por causa do estande de vagas para aprendiz e est\u00e1gio.<\/p>\n\n\n\n<p>\u201cJ\u00e1 consegui uma vaga que \u00e9 adequada para mim\u201d, disse ela, que buscava uma vaga para aprendiz. Para a estudante, essa vaga vai ajud\u00e1-la tanto profissionalmente quanto no sustento da casa.<\/p>\n\n\n\n<p>\u201cTanto para me ajudar profissionalmente quanto para ajudar a minha fam\u00edlia. Quanto mais cedo, melhor\u201d, disse. Ela espera fazer Engenharia de Produ\u00e7\u00e3o.<\/p>\n","protected":false},"excerpt":{"rendered":"<p>Uma feira estudantil, que oferece vagas de est\u00e1gio e de jovem aprendiz na capital paulista, atraiu milhares de jovens ao pr\u00e9dio da Funda\u00e7\u00e3o Bienal, no&hellip; <\/p>\n","protected":false},"author":1,"featured_media":96073,"comment_status":"closed","ping_status":"closed","sticky":false,"template":"","format":"standard","meta":{"sfsi_plus_gutenberg_text_before_share":"","sfsi_plus_gutenberg_show_text_before_share":"","sfsi_plus_gutenberg_icon_type":"","sfsi_plus_gutenberg_icon_alignemt":"","sfsi_plus_gutenburg_max_per_row":"","footnotes":""},"categories":[2],"tags":[],"class_list":["post-96483","post","type-post","status-publish","format-standard","has-post-thumbnail","hentry","category-geral"],"_links":{"self":[{"href":"https:\/\/www.caririemacao.com\/1\/wp-json\/wp\/v2\/posts\/96483","targetHints":{"allow":["GET"]}}],"collection":[{"href":"https:\/\/www.caririemacao.com\/1\/wp-json\/wp\/v2\/posts"}],"about":[{"href":"https:\/\/www.caririemacao.com\/1\/wp-json\/wp\/v2\/types\/post"}],"author":[{"embeddable":true,"href":"https:\/\/www.caririemacao.com\/1\/wp-json\/wp\/v2\/users\/1"}],"replies":[{"embeddable":true,"href":"https:\/\/www.caririemacao.com\/1\/wp-json\/wp\/v2\/comments?post=96483"}],"version-history":[{"count":1,"href":"https:\/\/www.caririemacao.com\/1\/wp-json\/wp\/v2\/posts\/96483\/revisions"}],"predecessor-version":[{"id":96484,"href":"https:\/\/www.caririemacao.com\/1\/wp-json\/wp\/v2\/posts\/96483\/revisions\/96484"}],"wp:featuredmedia":[{"embeddable":true,"href":"https:\/\/www.caririemacao.com\/1\/wp-json\/wp\/v2\/media\/96073"}],"wp:attachment":[{"href":"https:\/\/www.caririemacao.com\/1\/wp-json\/wp\/v2\/media?parent=96483"}],"wp:term":[{"taxonomy":"category","embeddable":true,"href":"https:\/\/www.caririemacao.com\/1\/wp-json\/wp\/v2\/categories?post=96483"},{"taxonomy":"post_tag","embeddable":true,"href":"https:\/\/www.caririemacao.com\/1\/wp-json\/wp\/v2\/tags?post=96483"}],"curies":[{"name":"wp","href":"https:\/\/api.w.org\/{rel}","templated":true}]}}