{"id":96488,"date":"2019-05-25T18:11:25","date_gmt":"2019-05-25T21:11:25","guid":{"rendered":"http:\/\/www.caririemacao.com\/1\/?p=96488"},"modified":"2019-05-25T18:11:25","modified_gmt":"2019-05-25T21:11:25","slug":"alpinista-britanico-morre-ao-escalar-o-monte-everest","status":"publish","type":"post","link":"https:\/\/www.caririemacao.com\/1\/2019\/05\/25\/alpinista-britanico-morre-ao-escalar-o-monte-everest\/","title":{"rendered":"Alpinista brit\u00e2nico morre ao escalar o Monte Everest"},"content":{"rendered":"\n<p>Um alpinista brit\u00e2nico que estava debilitado para descer o Monte Everest morreu hoje (25), disseram autoridades. \u00c9 o oitavo escalador a morrer na montanha mais alta do mundo e o 18\u00ba no Himalaia do Nepal, durante a atual temporada de escalada.<\/p>\n\n\n\n<p>Autoridades atribu\u00edram a maior parte das mortes a fatores como fraqueza, exaust\u00e3o e atrasos na rota lotada que leva at\u00e9 o topo de 8.850 metros.<\/p>\n\n\n\n<p>Robin Haynes Fisher, de 44 anos, morreu na chamada &#8220;zona da morte&#8221;, conhecida por baixos n\u00edveis de oxig\u00eanio na descida do Everest, disse Mira Acharya, do Departamento de Turismo.<\/p>\n\n\n\n<p>O brit\u00e2nico \u00e9 a oitava pessoa a morrer no Everest na temporada atual de escalada que termina este m\u00eas.<\/p>\n\n\n\n<p>&#8220;Ele morreu por conta da fraqueza ap\u00f3s uma longa escalada e descida dif\u00edcil&#8221;, disse \u00e0 ag\u00eancia de not\u00edcias Reuters Murari Sharma, da empresa Everest Parivar Treks, que organizou a log\u00edstica.<\/p>\n\n\n\n<p>&#8220;Ele estava descendo do topo com seus guias sherpa do topo quando desmaiou de repente&#8221;, acrescentou. Os guias tentaram socorr\u00ea-lo, mas n\u00e3o puderam salv\u00e1-lo, contou Sharma.<\/p>\n\n\n\n<p>Garrett Madison, da empresa americana Madison Mountaineering, que patrocina alpinistas do Monte Everest, disse que muitos n\u00e3o eram &#8220;escaladores bem qualificados ou preparados&#8221; e n\u00e3o contavam com apoio necess\u00e1rio para fazer a escalada e descida com seguran\u00e7a.<\/p>\n\n\n\n<p>&#8220;Se eles estivessem com uma equipe forte e experiente, provavelmente estariam bem, mas com apoio m\u00ednimo, se algo d\u00e1 errado, \u00e9 dif\u00edcil&#8221;, afirmou Madison.<\/p>\n\n\n\n<p>O Everest tamb\u00e9m pode ser escalado do Tibete, onde tamb\u00e9m foram relatadas mortes nesta temporada.<\/p>\n","protected":false},"excerpt":{"rendered":"<p>Um alpinista brit\u00e2nico que estava debilitado para descer o Monte Everest morreu hoje (25), disseram autoridades. \u00c9 o oitavo escalador a morrer na montanha mais&hellip; <\/p>\n","protected":false},"author":1,"featured_media":96489,"comment_status":"closed","ping_status":"closed","sticky":false,"template":"","format":"standard","meta":{"sfsi_plus_gutenberg_text_before_share":"","sfsi_plus_gutenberg_show_text_before_share":"","sfsi_plus_gutenberg_icon_type":"","sfsi_plus_gutenberg_icon_alignemt":"","sfsi_plus_gutenburg_max_per_row":"","footnotes":""},"categories":[2],"tags":[],"class_list":["post-96488","post","type-post","status-publish","format-standard","has-post-thumbnail","hentry","category-geral"],"_links":{"self":[{"href":"https:\/\/www.caririemacao.com\/1\/wp-json\/wp\/v2\/posts\/96488","targetHints":{"allow":["GET"]}}],"collection":[{"href":"https:\/\/www.caririemacao.com\/1\/wp-json\/wp\/v2\/posts"}],"about":[{"href":"https:\/\/www.caririemacao.com\/1\/wp-json\/wp\/v2\/types\/post"}],"author":[{"embeddable":true,"href":"https:\/\/www.caririemacao.com\/1\/wp-json\/wp\/v2\/users\/1"}],"replies":[{"embeddable":true,"href":"https:\/\/www.caririemacao.com\/1\/wp-json\/wp\/v2\/comments?post=96488"}],"version-history":[{"count":1,"href":"https:\/\/www.caririemacao.com\/1\/wp-json\/wp\/v2\/posts\/96488\/revisions"}],"predecessor-version":[{"id":96490,"href":"https:\/\/www.caririemacao.com\/1\/wp-json\/wp\/v2\/posts\/96488\/revisions\/96490"}],"wp:featuredmedia":[{"embeddable":true,"href":"https:\/\/www.caririemacao.com\/1\/wp-json\/wp\/v2\/media\/96489"}],"wp:attachment":[{"href":"https:\/\/www.caririemacao.com\/1\/wp-json\/wp\/v2\/media?parent=96488"}],"wp:term":[{"taxonomy":"category","embeddable":true,"href":"https:\/\/www.caririemacao.com\/1\/wp-json\/wp\/v2\/categories?post=96488"},{"taxonomy":"post_tag","embeddable":true,"href":"https:\/\/www.caririemacao.com\/1\/wp-json\/wp\/v2\/tags?post=96488"}],"curies":[{"name":"wp","href":"https:\/\/api.w.org\/{rel}","templated":true}]}}