{"id":96492,"date":"2019-05-25T19:40:43","date_gmt":"2019-05-25T22:40:43","guid":{"rendered":"http:\/\/www.caririemacao.com\/1\/?p=96492"},"modified":"2019-05-25T19:40:43","modified_gmt":"2019-05-25T22:40:43","slug":"realizado-o-sorteio-das-barracas-do-arraial-ze-marcolino-durante-o-sao-joao-de-sume","status":"publish","type":"post","link":"https:\/\/www.caririemacao.com\/1\/2019\/05\/25\/realizado-o-sorteio-das-barracas-do-arraial-ze-marcolino-durante-o-sao-joao-de-sume\/","title":{"rendered":"Realizado o sorteio das barracas do Arraial Z\u00e9 Marcolino durante o S\u00e3o Jo\u00e3o de Sum\u00e9"},"content":{"rendered":"\n<p>A Prefeitura de Sum\u00e9 realizou na manh\u00e3 desta sexta-feira (24), o sorteio das pessoas que se inscreveram para concorrer \u00e0s barracas de comercializa\u00e7\u00e3o de bebidas e refei\u00e7\u00f5es no per\u00edodo de festas do S\u00e3o Jo\u00e3o do munic\u00edpio.<\/p>\n\n\n\n<p>Foram sorteados oito inscritos e tr\u00eas suplentes. O sorteio foi transmitido ao vivo pela p\u00e1gina da Prefeitura de Sum\u00e9 no facebook.<\/p>\n\n\n\n<p>Ap\u00f3s o sorteio, os contemplados receberam orienta\u00e7\u00f5es do Centro de Refer\u00eancia Especializado em Assist\u00eancia Social (Creas) a respeito da proibi\u00e7\u00e3o de utiliza\u00e7\u00e3o do trabalho infantil nas barracas. A equipe do Creas tamb\u00e9m distribuiu material informativo sobre a campanha.<\/p>\n\n\n\n<p>A Vigil\u00e2ncia Sanit\u00e1ria repassou algumas recomenda\u00e7\u00f5es e marcou uma capacita\u00e7\u00e3o com os barraqueiros para a pr\u00f3xima semana.<\/p>\n\n\n\n<p>Candidatos da mesma fam\u00edlia que efetuaram inscri\u00e7\u00e3o e acabaram sendo sorteados, um dos membros teve que ser automaticamente retirado do sorteio, conforme consta no Edital, item 3.2 (Fica vedada a participa\u00e7\u00e3o e inscri\u00e7\u00e3o simult\u00e2nea de c\u00f4njuge, companheiro ou parente, em linha reta ou colateral, por consanguinidade ou afinidade, at\u00e9 o terceiro grau).<\/p>\n\n\n\n<p>Todos os sorteados devem seguir as regras e orienta\u00e7\u00f5es determinadas pela administra\u00e7\u00e3o p\u00fablica para o per\u00edodo das festas juninas.<\/p>\n\n\n\n<p>Ascom<\/p>\n","protected":false},"excerpt":{"rendered":"<p>A Prefeitura de Sum\u00e9 realizou na manh\u00e3 desta sexta-feira (24), o sorteio das pessoas que se inscreveram para concorrer \u00e0s barracas de comercializa\u00e7\u00e3o de bebidas&hellip; <\/p>\n","protected":false},"author":2,"featured_media":96493,"comment_status":"closed","ping_status":"closed","sticky":false,"template":"","format":"standard","meta":{"sfsi_plus_gutenberg_text_before_share":"","sfsi_plus_gutenberg_show_text_before_share":"","sfsi_plus_gutenberg_icon_type":"","sfsi_plus_gutenberg_icon_alignemt":"","sfsi_plus_gutenburg_max_per_row":"","footnotes":""},"categories":[6,50],"tags":[],"class_list":["post-96492","post","type-post","status-publish","format-standard","has-post-thumbnail","hentry","category-cidades","category-destaque"],"_links":{"self":[{"href":"https:\/\/www.caririemacao.com\/1\/wp-json\/wp\/v2\/posts\/96492","targetHints":{"allow":["GET"]}}],"collection":[{"href":"https:\/\/www.caririemacao.com\/1\/wp-json\/wp\/v2\/posts"}],"about":[{"href":"https:\/\/www.caririemacao.com\/1\/wp-json\/wp\/v2\/types\/post"}],"author":[{"embeddable":true,"href":"https:\/\/www.caririemacao.com\/1\/wp-json\/wp\/v2\/users\/2"}],"replies":[{"embeddable":true,"href":"https:\/\/www.caririemacao.com\/1\/wp-json\/wp\/v2\/comments?post=96492"}],"version-history":[{"count":1,"href":"https:\/\/www.caririemacao.com\/1\/wp-json\/wp\/v2\/posts\/96492\/revisions"}],"predecessor-version":[{"id":96494,"href":"https:\/\/www.caririemacao.com\/1\/wp-json\/wp\/v2\/posts\/96492\/revisions\/96494"}],"wp:featuredmedia":[{"embeddable":true,"href":"https:\/\/www.caririemacao.com\/1\/wp-json\/wp\/v2\/media\/96493"}],"wp:attachment":[{"href":"https:\/\/www.caririemacao.com\/1\/wp-json\/wp\/v2\/media?parent=96492"}],"wp:term":[{"taxonomy":"category","embeddable":true,"href":"https:\/\/www.caririemacao.com\/1\/wp-json\/wp\/v2\/categories?post=96492"},{"taxonomy":"post_tag","embeddable":true,"href":"https:\/\/www.caririemacao.com\/1\/wp-json\/wp\/v2\/tags?post=96492"}],"curies":[{"name":"wp","href":"https:\/\/api.w.org\/{rel}","templated":true}]}}