{"id":96499,"date":"2019-05-25T19:55:32","date_gmt":"2019-05-25T22:55:32","guid":{"rendered":"http:\/\/www.caririemacao.com\/1\/?p=96499"},"modified":"2019-05-25T19:55:32","modified_gmt":"2019-05-25T22:55:32","slug":"romero-assume-presidencia-do-psd-na-paraiba-e-e-lancado-por-kassab-a-governador","status":"publish","type":"post","link":"https:\/\/www.caririemacao.com\/1\/2019\/05\/25\/romero-assume-presidencia-do-psd-na-paraiba-e-e-lancado-por-kassab-a-governador\/","title":{"rendered":"Romero assume presid\u00eancia do PSD na Para\u00edba e \u00e9 lan\u00e7ado por Kassab a governador"},"content":{"rendered":"\n<p>\u201cO prefeito Romero Rodrigues em breve ser\u00e1 governador da Para\u00edba\u201d. A declara\u00e7\u00e3o foi feita, neste s\u00e1bado (25), pelo presidente nacional do PSD, ex-ministro Gilberto Kassab, durante encontro do partido que marcou a filia\u00e7\u00e3o de Romero \u00e0 legenda e a posse no comando estadual do PSD. O evento foi realizado no audit\u00f3rio do Senac, em Campina Grande.<\/p>\n\n\n\n<p>Kassab disse que o prefeito campinense tem curr\u00edculo para n\u00e3o somente ser governador da Para\u00edba, mas tamb\u00e9m senador ou at\u00e9 ministro. Todavia, ressaltou que o foco do PSD \u00e9 a campanha municipal do pr\u00f3ximo ano.<\/p>\n\n\n\n<p>\u201cAntes de 2022 (elei\u00e7\u00f5es para governador) tem 2020. E o foco deve ser totalmente direcionado para as elei\u00e7\u00f5es municipais. N\u00f3s temos que nos esfor\u00e7ar para ter candidato a prefeito nas maiores ou em todas as cidades da Para\u00edba\u201d, destacou Kassab.<\/p>\n\n\n\n<p><strong>Sonho de ser governador<\/strong><\/p>\n\n\n\n<p>Ao assumir a presid\u00eancia do PSD, na Para\u00edba, Romero Rodrigues se comprometeu em elevar o n\u00famero de prefeitos e vereadores, a partir das elei\u00e7\u00f5es do pr\u00f3ximo ano. Ele disse ter esperan\u00e7a de um dia governar o Estado.<\/p>\n\n\n\n<p>\u201cSonho \u00e9 sonho. Quem n\u00e3o sonha perde a esperan\u00e7a na vida. Alimento o sonho e vamos construir paulatinamente. Primeiro cuidando das etapas, a primeira \u00e9 cuidar do partido objetivando 2020 e claro dar sequ\u00eancia para conseguirmos viabilizar essa possibilidade [candidatura a governador] de 2022. Sem for\u00e7ar a barra. Temos que trabalhar, cuidar da gest\u00e3o administrativa que \u00e9 um espelho e seguir em frente\u201d, afirmou Romero.<\/p>\n\n\n\n<p>No se prende \u00e0s &nbsp;elei\u00e7\u00f5es municipais de 2020, o prefeito campinense adiantou que o objetivo do partido \u00e9 ter candidatura nas principais cidades do estado, mas considerou a possibilidade de trabalhar com legendas aliadas.<\/p>\n\n\n\n<p><strong>Presen\u00e7as<\/strong><\/p>\n\n\n\n<p>Participaram do encontro e defenderam o nome de Romero Rodrigues para governador o presidente estadual do PP, vice-prefeito Enivaldo Ribeiro, o deputado federal Pedro Cunha Lima, presidente estadual do PSDB, o deputado Moacir Rodrigues (PSL) e o ex-deputado Renato Gadelha (PSC). O deputado Manoel Ludg\u00e9rio (PSD) e vice-prefeito de Jo\u00e3o Pessoa, Manoel J\u00fanior, presidente estadual do Solidariedade, tamb\u00e9m participaram do evento, al\u00e9m dos deputados Tovar Correia Lima (PSDB) e Camila Toscano (PSDB) e v\u00e1rios prefeitos e vereadores.<\/p>\n","protected":false},"excerpt":{"rendered":"<p>\u201cO prefeito Romero Rodrigues em breve ser\u00e1 governador da Para\u00edba\u201d. A declara\u00e7\u00e3o foi feita, neste s\u00e1bado (25), pelo presidente nacional do PSD, ex-ministro Gilberto Kassab,&hellip; <\/p>\n","protected":false},"author":1,"featured_media":96500,"comment_status":"closed","ping_status":"closed","sticky":false,"template":"","format":"standard","meta":{"sfsi_plus_gutenberg_text_before_share":"","sfsi_plus_gutenberg_show_text_before_share":"","sfsi_plus_gutenberg_icon_type":"","sfsi_plus_gutenberg_icon_alignemt":"","sfsi_plus_gutenburg_max_per_row":"","footnotes":""},"categories":[6],"tags":[],"class_list":["post-96499","post","type-post","status-publish","format-standard","has-post-thumbnail","hentry","category-cidades"],"_links":{"self":[{"href":"https:\/\/www.caririemacao.com\/1\/wp-json\/wp\/v2\/posts\/96499","targetHints":{"allow":["GET"]}}],"collection":[{"href":"https:\/\/www.caririemacao.com\/1\/wp-json\/wp\/v2\/posts"}],"about":[{"href":"https:\/\/www.caririemacao.com\/1\/wp-json\/wp\/v2\/types\/post"}],"author":[{"embeddable":true,"href":"https:\/\/www.caririemacao.com\/1\/wp-json\/wp\/v2\/users\/1"}],"replies":[{"embeddable":true,"href":"https:\/\/www.caririemacao.com\/1\/wp-json\/wp\/v2\/comments?post=96499"}],"version-history":[{"count":1,"href":"https:\/\/www.caririemacao.com\/1\/wp-json\/wp\/v2\/posts\/96499\/revisions"}],"predecessor-version":[{"id":96501,"href":"https:\/\/www.caririemacao.com\/1\/wp-json\/wp\/v2\/posts\/96499\/revisions\/96501"}],"wp:featuredmedia":[{"embeddable":true,"href":"https:\/\/www.caririemacao.com\/1\/wp-json\/wp\/v2\/media\/96500"}],"wp:attachment":[{"href":"https:\/\/www.caririemacao.com\/1\/wp-json\/wp\/v2\/media?parent=96499"}],"wp:term":[{"taxonomy":"category","embeddable":true,"href":"https:\/\/www.caririemacao.com\/1\/wp-json\/wp\/v2\/categories?post=96499"},{"taxonomy":"post_tag","embeddable":true,"href":"https:\/\/www.caririemacao.com\/1\/wp-json\/wp\/v2\/tags?post=96499"}],"curies":[{"name":"wp","href":"https:\/\/api.w.org\/{rel}","templated":true}]}}