{"id":96503,"date":"2019-05-25T19:58:14","date_gmt":"2019-05-25T22:58:14","guid":{"rendered":"http:\/\/www.caririemacao.com\/1\/?p=96503"},"modified":"2019-05-25T19:58:14","modified_gmt":"2019-05-25T22:58:14","slug":"paraiba-e-o-primeiro-estado-do-pais-em-investigacoes-envolvendo-exploracao-sexual-comercial","status":"publish","type":"post","link":"https:\/\/www.caririemacao.com\/1\/2019\/05\/25\/paraiba-e-o-primeiro-estado-do-pais-em-investigacoes-envolvendo-exploracao-sexual-comercial\/","title":{"rendered":"Para\u00edba \u00e9 o primeiro Estado do pa\u00eds em investiga\u00e7\u00f5es envolvendo explora\u00e7\u00e3o sexual comercial\u2019"},"content":{"rendered":"\n<p>A cada hora, pelo menos duas crian\u00e7as s\u00e3o v\u00edtimas de abuso ou explora\u00e7\u00e3o sexual no Brasil. O dado toma como base o n\u00famero de casos de viol\u00eancia sexual denunciados pelo Disque 100. \u201cEm 2018, foram mais de 17 mil casos de viol\u00eancia sexual envolvendo crian\u00e7as e adolescentes. Destes, 13,4 mil foram de abuso sexual e 3,6 mil de explora\u00e7\u00e3o sexual. Embora absurdos, esses n\u00fameros s\u00e3o subnotificados, pois s\u00e3o apenas os casos que chegaram a ser denunciados. O n\u00famero de v\u00edtimas \u00e9 muito maior\u201d, alertou o procurador do MPT-PB Eduardo Varandas.<\/p>\n\n\n\n<div class=\"wp-block-image\"><figure class=\"aligncenter\"><img decoding=\"async\" data-src=\"http:\/\/www.prt13.mpt.mp.br\/images\/cache\/0c345317f0554c281c0aed428138e7ef_w600.png\" alt=\"\" src=\"data:image\/svg+xml;base64,PHN2ZyB3aWR0aD0iMSIgaGVpZ2h0PSIxIiB4bWxucz0iaHR0cDovL3d3dy53My5vcmcvMjAwMC9zdmciPjwvc3ZnPg==\" class=\"lazyload\" \/><\/figure><\/div>\n\n\n\n<p>A Para\u00edba \u00e9 1\u00ba Estado do pa\u00eds com mais investiga\u00e7\u00f5es em curso envolvendo o tema \u2018Explora\u00e7\u00e3o Sexual comercial\u2019, conforme dados de maio de 2019 do sistema digital do MPT (41 procedimentos).<\/p>\n\n\n\n<p>Para abordar problemas causados pelo trabalho infantil, inclusive pela explora\u00e7\u00e3o sexual (considerada pela Conven\u00e7\u00e3o 182 da OIT como uma das piores formas de trabalho infantil), o Minist\u00e9rio P\u00fablico do Trabalho no Esp\u00edrito Santo (MPT-ES) realizou o semin\u00e1rio \u201cN\u00e3o Cale\u201d, nos \u00faltimos dias 16 e 17 de maio, com a participa\u00e7\u00e3o do procurador do MPT-PB Eduardo Varandas, informa&nbsp;<a href=\"http:\/\/www.prt13.mpt.mp.br\/2-uncategorised\/866-nao-cale-contra-o-trabalho-infantil-no-brasil-a-cada-hora-duas-criancas-sao-exploradas-sexualmente\">publica\u00e7\u00e3o do MPT-PB.<\/a><\/p>\n\n\n\n<p>As palestras ocorreram na Universidade Federal do Esp\u00edrito Santo (UFES), campus Goiabeiras, onde permanece aberta a exposi\u00e7\u00e3o \u201cN\u00e3o cale\u201d, que integra a campanha \u201cTrabalho Infantil: se voc\u00ea cala, n\u00e3o para\u201d, idealizada pelo MPT-PB e pela Ag\u00eancia Um.<\/p>\n\n\n\n<p><strong>Semin\u00e1rio<\/strong><\/p>\n\n\n\n<p>O procurador Eduardo Varandas palestrou sobre a \u201cTutela de crian\u00e7as e adolescentes sexualmente explorados\u201d. \u201cPrecisamos debater a prote\u00e7\u00e3o de crian\u00e7as e adolescentes no Brasil. Sinto que as pol\u00edticas p\u00fablicas de assist\u00eancia psicossocial ao jovem v\u00eam sofrendo injustific\u00e1vel contingenciamento e o torna vulner\u00e1vel a explora\u00e7\u00e3o sexual para fins comerciais\u201d, afirmou.<\/p>\n\n\n\n<p>\u201cEmbora n\u00f3s tenhamos sido reconhecidos a n\u00edvel mundial como o 11\u00ba pa\u00eds no ranking mundial que mais combate o abuso e a explora\u00e7\u00e3o sexual de crian\u00e7as e adolescentes, n\u00f3s ainda temos uma imensid\u00e3o de coisas para fazer\u201d, acrescentou Varandas.<\/p>\n\n\n\n<p>O semin\u00e1rio \u201cN\u00e3o Cale\u201d foi aberto pelo ministro do Tribunal Superior do Trabalho (TST) e corregedor-geral da Justi\u00e7a do Trabalho, L\u00e9lio Bentes. O evento foi organizado pelo MPT-ES), em parceria com o Tribunal Regional do Trabalho da 17\u00aa Regi\u00e3o (TRT-ES), o F\u00f3rum Estadual de Aprendizagem, Prote\u00e7\u00e3o ao Adolescente Trabalhador e Erradica\u00e7\u00e3o ao Trabalho Infantil (Feapeti) e a UFES.<\/p>\n\n\n\n<div class=\"wp-block-image\"><figure class=\"aligncenter\"><img decoding=\"async\" data-src=\"http:\/\/www.prt13.mpt.mp.br\/images\/cache\/b5906a1027b244a2dff618f73eac8dd7_w600.png\" alt=\"\" src=\"data:image\/svg+xml;base64,PHN2ZyB3aWR0aD0iMSIgaGVpZ2h0PSIxIiB4bWxucz0iaHR0cDovL3d3dy53My5vcmcvMjAwMC9zdmciPjwvc3ZnPg==\" class=\"lazyload\" \/><\/figure><\/div>\n\n\n\n<p><strong>Exposi\u00e7\u00e3o<\/strong><\/p>\n\n\n\n<p>A exposi\u00e7\u00e3o \u2018N\u00e3o Cale\u2019 acontece em maio em alus\u00e3o ao Dia Nacional de Combate ao Abuso e \u00e0 Explora\u00e7\u00e3o Sexual de Crian\u00e7as e Adolescentes, institu\u00eddo em 18 de maio, e faz um chamamento para o Dia Mundial de Combate ao Trabalho Infantil, consagrado em 12 de junho. A mostra pretende aproximar ainda mais as pessoas de alguns elementos que fazem parte da explora\u00e7\u00e3o do trabalho infantil, trazendo um choque de realidade que provoca e incentiva a reflex\u00e3o. Al\u00e9m das imagens, tamb\u00e9m est\u00e3o expostos objetos que s\u00e3o utilizados por crian\u00e7as nessa situa\u00e7\u00e3o, como cana-de-a\u00e7\u00facar, rodo, pedra, carrinho de m\u00e3o e tijolos.<\/p>\n\n\n\n<p>\u201cA exposi\u00e7\u00e3o tem como escopo conscientizar o p\u00fablico acerca dos preju\u00edzos f\u00edsicos, psicol\u00f3gicos e sociais que o trabalho infantil causa. Ela tamb\u00e9m busca convocar a sociedade a assumir o papel de proteger crian\u00e7as e adolescentes, como forma mais eficiente de luta para garantia de um pa\u00eds mais justo e de um futuro melhor para todos\u201d, afirmou a procuradora do MPT-ES e representante regional da Coordenadoria Nacional de Combate \u00e0 Explora\u00e7\u00e3o do Trabalho da Crian\u00e7a e do Adolescente (Coordinf\u00e2ncia), Thais Borges da Silva.<\/p>\n\n\n\n<p>A exposi\u00e7\u00e3o \u201cN\u00e3o Cale\u201d ocorreu pela primeira vez em 2017, por meio de parceria entre o Minist\u00e9rio P\u00fablico do Trabalho na Para\u00edba (MPT-PB), a Ag\u00eancia Um e a Casa Pequeno Davi. A idealiza\u00e7\u00e3o do projeto partiu do procurador Eduardo Varandas e do publicit\u00e1rio Fl\u00e1vio Jatob\u00e1 (que faleceu em 2017).<\/p>\n\n\n\n<div class=\"wp-block-image\"><figure class=\"aligncenter\"><img decoding=\"async\" data-src=\"http:\/\/www.prt13.mpt.mp.br\/images\/cache\/13d2ec31e3e0b5031b0c12616eac5c27_w600.jpg\" alt=\"\" src=\"data:image\/svg+xml;base64,PHN2ZyB3aWR0aD0iMSIgaGVpZ2h0PSIxIiB4bWxucz0iaHR0cDovL3d3dy53My5vcmcvMjAwMC9zdmciPjwvc3ZnPg==\" class=\"lazyload\" \/><\/figure><\/div>\n\n\n\n<p><strong>2,4 milh\u00f5es<\/strong><\/p>\n\n\n\n<p>\u00c9 o n\u00famero de crian\u00e7as e adolescentes entre 5 e 17 anos trabalhando no Brasil, segundo dados do IBGE\/Pnad 2016.<\/p>\n\n\n\n<p><strong>Exposi\u00e7\u00e3o \u201cN\u00e3o Cale\u201d<\/strong><\/p>\n\n\n\n<p><strong>Local:<\/strong>&nbsp;Biblioteca Central da Universidade Federal do Esp\u00edrito Santo (UFES)<\/p>\n\n\n\n<p><strong>Hor\u00e1rio:<\/strong>&nbsp;7h \u00e0s 21h (segunda a sexta), das 7h \u00e0s 13h (s\u00e1bado).<\/p>\n","protected":false},"excerpt":{"rendered":"<p>A cada hora, pelo menos duas crian\u00e7as s\u00e3o v\u00edtimas de abuso ou explora\u00e7\u00e3o sexual no Brasil. O dado toma como base o n\u00famero de casos&hellip; <\/p>\n","protected":false},"author":1,"featured_media":96504,"comment_status":"closed","ping_status":"closed","sticky":false,"template":"","format":"standard","meta":{"sfsi_plus_gutenberg_text_before_share":"","sfsi_plus_gutenberg_show_text_before_share":"","sfsi_plus_gutenberg_icon_type":"","sfsi_plus_gutenberg_icon_alignemt":"","sfsi_plus_gutenburg_max_per_row":"","footnotes":""},"categories":[12],"tags":[],"class_list":["post-96503","post","type-post","status-publish","format-standard","has-post-thumbnail","hentry","category-policia"],"_links":{"self":[{"href":"https:\/\/www.caririemacao.com\/1\/wp-json\/wp\/v2\/posts\/96503","targetHints":{"allow":["GET"]}}],"collection":[{"href":"https:\/\/www.caririemacao.com\/1\/wp-json\/wp\/v2\/posts"}],"about":[{"href":"https:\/\/www.caririemacao.com\/1\/wp-json\/wp\/v2\/types\/post"}],"author":[{"embeddable":true,"href":"https:\/\/www.caririemacao.com\/1\/wp-json\/wp\/v2\/users\/1"}],"replies":[{"embeddable":true,"href":"https:\/\/www.caririemacao.com\/1\/wp-json\/wp\/v2\/comments?post=96503"}],"version-history":[{"count":1,"href":"https:\/\/www.caririemacao.com\/1\/wp-json\/wp\/v2\/posts\/96503\/revisions"}],"predecessor-version":[{"id":96505,"href":"https:\/\/www.caririemacao.com\/1\/wp-json\/wp\/v2\/posts\/96503\/revisions\/96505"}],"wp:featuredmedia":[{"embeddable":true,"href":"https:\/\/www.caririemacao.com\/1\/wp-json\/wp\/v2\/media\/96504"}],"wp:attachment":[{"href":"https:\/\/www.caririemacao.com\/1\/wp-json\/wp\/v2\/media?parent=96503"}],"wp:term":[{"taxonomy":"category","embeddable":true,"href":"https:\/\/www.caririemacao.com\/1\/wp-json\/wp\/v2\/categories?post=96503"},{"taxonomy":"post_tag","embeddable":true,"href":"https:\/\/www.caririemacao.com\/1\/wp-json\/wp\/v2\/tags?post=96503"}],"curies":[{"name":"wp","href":"https:\/\/api.w.org\/{rel}","templated":true}]}}