{"id":96506,"date":"2019-05-25T20:36:35","date_gmt":"2019-05-25T23:36:35","guid":{"rendered":"http:\/\/www.caririemacao.com\/1\/?p=96506"},"modified":"2019-05-25T20:36:35","modified_gmt":"2019-05-25T23:36:35","slug":"vice-prefeito-de-ouro-velho-prestigia-filiacao-de-romero-rodrigues-ao-psd","status":"publish","type":"post","link":"https:\/\/www.caririemacao.com\/1\/2019\/05\/25\/vice-prefeito-de-ouro-velho-prestigia-filiacao-de-romero-rodrigues-ao-psd\/","title":{"rendered":"Vice-prefeito de Ouro Velho prestigia filia\u00e7\u00e3o de Romero Rodrigues ao PSD"},"content":{"rendered":"\n<p>O vice-prefeito de Ouro Velho, Fl\u00e1vio Henrique, atual presidente municipal do PSD, esteve participando na manh\u00e3 deste s\u00e1bado, dia 25, do ato de filia\u00e7\u00e3o do prefeito de Campina Grande, Romero Rodrigues, ao PSD (Partido Social Democr\u00e1tico), ocorrido em Campina Grande.<\/p>\n\n\n\n<p>O ato contou com a presen\u00e7a do presidente nacional do PSD, Gilberto Kassab, do deputado federal e presidente estadual do PSDB, Pedro Cunha Lima; deputados de v\u00e1rios partidos, lideran\u00e7as pol\u00edticas do PSD, a exemplo da deputada Eva Gouveia, al\u00e9m de prefeito, vereadores e presidentes da legenda nos munic\u00edpios paraibanos.<\/p>\n\n\n\n<p>O vice-prefeito Fl\u00e1vio Henrique destacou a import\u00e2ncia da\nchegada de Romero Rodrigues ao PSD e o futuro do partido para as elei\u00e7\u00f5es de\n2020, al\u00e9m de enfatizar a Gest\u00e3o de Romero na Prefeitura de Campina Grande. \u201cRomero\n\u00e9 um grande l\u00edder e tem um potencial para ser nosso governador em 2020. Romero\ntem hist\u00f3ria, sabe gerenciar e tem vis\u00e3o na Gest\u00e3o P\u00fablica. Em nome da PSD de Ouro\nVelho parabenizo Romero pela filia\u00e7\u00e3o e desejo muito sucesso em nossa legenda,\nfazendo com que nosso partido seja ampliado e fortalecido na Para\u00edba\u201d,\ndestacou.<\/p>\n","protected":false},"excerpt":{"rendered":"<p>O vice-prefeito de Ouro Velho, Fl\u00e1vio Henrique, atual presidente municipal do PSD, esteve participando na manh\u00e3 deste s\u00e1bado, dia 25, do ato de filia\u00e7\u00e3o do&hellip; <\/p>\n","protected":false},"author":2,"featured_media":96507,"comment_status":"closed","ping_status":"closed","sticky":false,"template":"","format":"standard","meta":{"sfsi_plus_gutenberg_text_before_share":"","sfsi_plus_gutenberg_show_text_before_share":"","sfsi_plus_gutenberg_icon_type":"","sfsi_plus_gutenberg_icon_alignemt":"","sfsi_plus_gutenburg_max_per_row":"","footnotes":""},"categories":[50,11],"tags":[],"class_list":["post-96506","post","type-post","status-publish","format-standard","has-post-thumbnail","hentry","category-destaque","category-politica"],"_links":{"self":[{"href":"https:\/\/www.caririemacao.com\/1\/wp-json\/wp\/v2\/posts\/96506","targetHints":{"allow":["GET"]}}],"collection":[{"href":"https:\/\/www.caririemacao.com\/1\/wp-json\/wp\/v2\/posts"}],"about":[{"href":"https:\/\/www.caririemacao.com\/1\/wp-json\/wp\/v2\/types\/post"}],"author":[{"embeddable":true,"href":"https:\/\/www.caririemacao.com\/1\/wp-json\/wp\/v2\/users\/2"}],"replies":[{"embeddable":true,"href":"https:\/\/www.caririemacao.com\/1\/wp-json\/wp\/v2\/comments?post=96506"}],"version-history":[{"count":1,"href":"https:\/\/www.caririemacao.com\/1\/wp-json\/wp\/v2\/posts\/96506\/revisions"}],"predecessor-version":[{"id":96508,"href":"https:\/\/www.caririemacao.com\/1\/wp-json\/wp\/v2\/posts\/96506\/revisions\/96508"}],"wp:featuredmedia":[{"embeddable":true,"href":"https:\/\/www.caririemacao.com\/1\/wp-json\/wp\/v2\/media\/96507"}],"wp:attachment":[{"href":"https:\/\/www.caririemacao.com\/1\/wp-json\/wp\/v2\/media?parent=96506"}],"wp:term":[{"taxonomy":"category","embeddable":true,"href":"https:\/\/www.caririemacao.com\/1\/wp-json\/wp\/v2\/categories?post=96506"},{"taxonomy":"post_tag","embeddable":true,"href":"https:\/\/www.caririemacao.com\/1\/wp-json\/wp\/v2\/tags?post=96506"}],"curies":[{"name":"wp","href":"https:\/\/api.w.org\/{rel}","templated":true}]}}