{"id":96516,"date":"2019-05-26T09:20:55","date_gmt":"2019-05-26T12:20:55","guid":{"rendered":"http:\/\/www.caririemacao.com\/1\/?p=96516"},"modified":"2019-05-26T09:20:55","modified_gmt":"2019-05-26T12:20:55","slug":"comissao-do-senado-debate-politica-de-reajuste-do-salario-minimo","status":"publish","type":"post","link":"https:\/\/www.caririemacao.com\/1\/2019\/05\/26\/comissao-do-senado-debate-politica-de-reajuste-do-salario-minimo\/","title":{"rendered":"Comiss\u00e3o do Senado debate pol\u00edtica de reajuste do sal\u00e1rio m\u00ednimo"},"content":{"rendered":"\n<p>A Comiss\u00e3o de Direitos Humanos e Legisla\u00e7\u00e3o Participativa (CDH) promover\u00e1 audi\u00eancia p\u00fablica na pr\u00f3xima ter\u00e7a-feira (28), a partir das 9h, para debater a pol\u00edtica de reajuste do sal\u00e1rio m\u00ednimo.<\/p>\n\n\n\n<p>O evento acontecer\u00e1 no plen\u00e1rio 6 da Ala Senador Nilo Coelho e ser\u00e1 interativo. O requerimento para realizar a audi\u00eancia \u00e9 do senador Paulo Paim (PT-RS).<\/p>\n\n\n\n<p>J\u00e1 est\u00e3o confirmadas as presen\u00e7as de Cl\u00f3vis Scherer, t\u00e9cnico do Departamento Intersindical de Estat\u00edstica e Estudos Socioecon\u00f4micos (Dieese); Edson \u00cdndio, secret\u00e1rio geral da Intersindical \u2013 Central da Classe Trabalhadora; M\u00f4nica Damous Duailibe, representante do Sindicato Nacional dos Auditores Fiscais do Trabalho (Sinait); e Sandro Jadir Albuquerque, vice-presidente da Central dos Sindicatos Brasileiros (CSB).<\/p>\n\n\n\n<p>Al\u00e9m deles, a audi\u00eancia ter\u00e1 representantes da Secretaria Especial de Previd\u00eancia e Trabalho do Minist\u00e9rio da Economia, de associa\u00e7\u00f5es de magistrados e de procuradores do trabalho e de outras centrais sindicais.<\/p>\n","protected":false},"excerpt":{"rendered":"<p>A Comiss\u00e3o de Direitos Humanos e Legisla\u00e7\u00e3o Participativa (CDH) promover\u00e1 audi\u00eancia p\u00fablica na pr\u00f3xima ter\u00e7a-feira (28), a partir das 9h, para debater a pol\u00edtica de&hellip; <\/p>\n","protected":false},"author":1,"featured_media":91612,"comment_status":"closed","ping_status":"closed","sticky":false,"template":"","format":"standard","meta":{"sfsi_plus_gutenberg_text_before_share":"","sfsi_plus_gutenberg_show_text_before_share":"","sfsi_plus_gutenberg_icon_type":"","sfsi_plus_gutenberg_icon_alignemt":"","sfsi_plus_gutenburg_max_per_row":"","footnotes":""},"categories":[11],"tags":[],"class_list":["post-96516","post","type-post","status-publish","format-standard","has-post-thumbnail","hentry","category-politica"],"_links":{"self":[{"href":"https:\/\/www.caririemacao.com\/1\/wp-json\/wp\/v2\/posts\/96516","targetHints":{"allow":["GET"]}}],"collection":[{"href":"https:\/\/www.caririemacao.com\/1\/wp-json\/wp\/v2\/posts"}],"about":[{"href":"https:\/\/www.caririemacao.com\/1\/wp-json\/wp\/v2\/types\/post"}],"author":[{"embeddable":true,"href":"https:\/\/www.caririemacao.com\/1\/wp-json\/wp\/v2\/users\/1"}],"replies":[{"embeddable":true,"href":"https:\/\/www.caririemacao.com\/1\/wp-json\/wp\/v2\/comments?post=96516"}],"version-history":[{"count":1,"href":"https:\/\/www.caririemacao.com\/1\/wp-json\/wp\/v2\/posts\/96516\/revisions"}],"predecessor-version":[{"id":96517,"href":"https:\/\/www.caririemacao.com\/1\/wp-json\/wp\/v2\/posts\/96516\/revisions\/96517"}],"wp:featuredmedia":[{"embeddable":true,"href":"https:\/\/www.caririemacao.com\/1\/wp-json\/wp\/v2\/media\/91612"}],"wp:attachment":[{"href":"https:\/\/www.caririemacao.com\/1\/wp-json\/wp\/v2\/media?parent=96516"}],"wp:term":[{"taxonomy":"category","embeddable":true,"href":"https:\/\/www.caririemacao.com\/1\/wp-json\/wp\/v2\/categories?post=96516"},{"taxonomy":"post_tag","embeddable":true,"href":"https:\/\/www.caririemacao.com\/1\/wp-json\/wp\/v2\/tags?post=96516"}],"curies":[{"name":"wp","href":"https:\/\/api.w.org\/{rel}","templated":true}]}}