{"id":96531,"date":"2019-05-26T09:23:47","date_gmt":"2019-05-26T12:23:47","guid":{"rendered":"http:\/\/www.caririemacao.com\/1\/?p=96531"},"modified":"2019-05-26T09:23:47","modified_gmt":"2019-05-26T12:23:47","slug":"conteudo-violento-no-facebook-aumenta-quase-10-vezes-em-um-ano","status":"publish","type":"post","link":"https:\/\/www.caririemacao.com\/1\/2019\/05\/26\/conteudo-violento-no-facebook-aumenta-quase-10-vezes-em-um-ano\/","title":{"rendered":"Conte\u00fado violento no Facebook aumenta quase 10 vezes em um ano"},"content":{"rendered":"\n<p><br>O n\u00famero de publica\u00e7\u00f5es com conte\u00fado violento punidos por violar as regras do Facebook aumentou quase 10 vezes em um ano, saindo de 3,4 milh\u00f5es no primeiro trimestre de 2018 para 33,6 milh\u00f5es entre janeiro e mar\u00e7o de 2019. O balan\u00e7o foi divulgado pela plataforma no documento&nbsp;<em>Relat\u00f3rio de Transpar\u00eancia<\/em>, que traz n\u00fameros relativos a provid\u00eancias tomadas em rela\u00e7\u00e3o a&nbsp;<em>posts<\/em>&nbsp;de usu\u00e1rios a partir de suas regras internas.<\/p>\n\n\n\n<p>Do total de 33,6 milh\u00f5es conte\u00fados violentos punidos, 171 mil foram objeto de reclama\u00e7\u00f5es questionando a retirada e solicitando a retomada. Cerca de 70 mil mensagens foram republicadas, sendo 24 mil ap\u00f3s o recebimento de reclama\u00e7\u00e3o e 45 mil por iniciativa pr\u00f3pria do Facebook.<\/p>\n\n\n\n<p>As san\u00e7\u00f5es foram tomadas com base nos \u201cPadr\u00f5es da Comunidade\u201d, uma das normas internas da rede social, juntamente com os \u201cTermos de Servi\u00e7o\u201d e as \u201cPol\u00edticas de Privacidade\u201d. Os \u201cPadr\u00f5es da Comunidade\u201d s\u00e3o formados por um conjunto de regras que definem o que \u00e9 proibido e o que \u00e9 pass\u00edvel de san\u00e7\u00e3o pela companhia.<\/p>\n\n\n\n<figure class=\"wp-block-image\"><img decoding=\"async\" data-src=\"https:\/\/paraibaonline.com.br\/wp-content\/uploads\/2018\/08\/facebook-567x378.jpg\" alt=\"Foto: Ag\u00eancia Brasil\" class=\"wp-image-485435 lazyload\" src=\"data:image\/svg+xml;base64,PHN2ZyB3aWR0aD0iMSIgaGVpZ2h0PSIxIiB4bWxucz0iaHR0cDovL3d3dy53My5vcmcvMjAwMC9zdmciPjwvc3ZnPg==\" style=\"--smush-placeholder-width: 567px; --smush-placeholder-aspect-ratio: 567\/378;\" \/><\/figure>\n\n\n\n<p>Foto: Ag\u00eancia Brasil<\/p>\n\n\n\n<p>S\u00e3o vetados, por exemplo,&nbsp;<em>posts<\/em>&nbsp;com nudez, imagens de viol\u00eancia extrema, de suic\u00eddio ou auto-mutila\u00e7\u00e3o, vendas n\u00e3o autorizadas, mensagens de apoio a causas ou grupos terroristas e discurso de \u00f3dio. Com base nesses par\u00e2metros, o Facebook monitora as publica\u00e7\u00f5es de seus usu\u00e1rios, bem como recebe den\u00fancias dos usu\u00e1rios apontando viola\u00e7\u00f5es \u00e0s regras.<\/p>\n\n\n\n<p>Entre as provid\u00eancias tomadas est\u00e3o a cobertura de publica\u00e7\u00f5es com avisos (como indicando que se trata de conte\u00fado violento), a remo\u00e7\u00e3o de um conte\u00fado, a suspens\u00e3o de uma conta ou at\u00e9 mesmo o repasse da den\u00fancia para autoridades quando se tratar de um crime. No caso de not\u00edcias falsas, n\u00e3o h\u00e1 remo\u00e7\u00e3o, mas limita\u00e7\u00e3o do alcance no&nbsp;<em>newsfeed<\/em>&nbsp;dos usu\u00e1rios.<\/p>\n\n\n\n<p>Al\u00e9m dos conte\u00fados violentos, a empresa tamb\u00e9m puniu mensagens com discursos de \u00f3dio. O n\u00famero de publica\u00e7\u00f5es removidas, marcadas ou cujos autores tiveram as contas suspensas saiu de 2,5 milh\u00f5es para 4 milh\u00f5es na compara\u00e7\u00e3o entre o primeiro trimestre de 2018 e de 2019.<\/p>\n\n\n\n<p>Os posts de propaganda terrorista punidos com medidas deste tipo tamb\u00e9m subiram no mesmo per\u00edodo: sa\u00edram e 1,9 milh\u00e3o no primeiro trimestre de 2018 para 6,4 milh\u00f5es nos primeiros tr\u00eas meses de 2019. Quase a totalidade das medidas foi resultante de iniciativa pr\u00f3pria do Facebook a partir da filtragem que realiza dos conte\u00fados publicados.<\/p>\n\n\n\n<p>Os relat\u00f3rios de transpar\u00eancia s\u00e3o divulgados periodicamente pela plataforma. Eles est\u00e3o&nbsp;<a href=\"https:\/\/transparency.facebook.com\/\" target=\"_blank\" rel=\"noreferrer noopener\">dispon\u00edveis<\/a>&nbsp;na rede.<\/p>\n","protected":false},"excerpt":{"rendered":"<p>O n\u00famero de publica\u00e7\u00f5es com conte\u00fado violento punidos por violar as regras do Facebook aumentou quase 10 vezes em um ano, saindo de 3,4 milh\u00f5es&hellip; <\/p>\n","protected":false},"author":1,"featured_media":96050,"comment_status":"closed","ping_status":"closed","sticky":false,"template":"","format":"standard","meta":{"sfsi_plus_gutenberg_text_before_share":"","sfsi_plus_gutenberg_show_text_before_share":"","sfsi_plus_gutenberg_icon_type":"","sfsi_plus_gutenberg_icon_alignemt":"","sfsi_plus_gutenburg_max_per_row":"","footnotes":""},"categories":[2],"tags":[],"class_list":["post-96531","post","type-post","status-publish","format-standard","has-post-thumbnail","hentry","category-geral"],"_links":{"self":[{"href":"https:\/\/www.caririemacao.com\/1\/wp-json\/wp\/v2\/posts\/96531","targetHints":{"allow":["GET"]}}],"collection":[{"href":"https:\/\/www.caririemacao.com\/1\/wp-json\/wp\/v2\/posts"}],"about":[{"href":"https:\/\/www.caririemacao.com\/1\/wp-json\/wp\/v2\/types\/post"}],"author":[{"embeddable":true,"href":"https:\/\/www.caririemacao.com\/1\/wp-json\/wp\/v2\/users\/1"}],"replies":[{"embeddable":true,"href":"https:\/\/www.caririemacao.com\/1\/wp-json\/wp\/v2\/comments?post=96531"}],"version-history":[{"count":1,"href":"https:\/\/www.caririemacao.com\/1\/wp-json\/wp\/v2\/posts\/96531\/revisions"}],"predecessor-version":[{"id":96532,"href":"https:\/\/www.caririemacao.com\/1\/wp-json\/wp\/v2\/posts\/96531\/revisions\/96532"}],"wp:featuredmedia":[{"embeddable":true,"href":"https:\/\/www.caririemacao.com\/1\/wp-json\/wp\/v2\/media\/96050"}],"wp:attachment":[{"href":"https:\/\/www.caririemacao.com\/1\/wp-json\/wp\/v2\/media?parent=96531"}],"wp:term":[{"taxonomy":"category","embeddable":true,"href":"https:\/\/www.caririemacao.com\/1\/wp-json\/wp\/v2\/categories?post=96531"},{"taxonomy":"post_tag","embeddable":true,"href":"https:\/\/www.caririemacao.com\/1\/wp-json\/wp\/v2\/tags?post=96531"}],"curies":[{"name":"wp","href":"https:\/\/api.w.org\/{rel}","templated":true}]}}