{"id":96535,"date":"2019-05-26T09:26:35","date_gmt":"2019-05-26T12:26:35","guid":{"rendered":"http:\/\/www.caririemacao.com\/1\/?p=96535"},"modified":"2019-05-26T09:26:35","modified_gmt":"2019-05-26T12:26:35","slug":"bota-pb-recebe-imperatriz-para-tentar-se-firmar-no-g-4-da-serie-c","status":"publish","type":"post","link":"https:\/\/www.caririemacao.com\/1\/2019\/05\/26\/bota-pb-recebe-imperatriz-para-tentar-se-firmar-no-g-4-da-serie-c\/","title":{"rendered":"Bota-PB recebe Imperatriz para tentar se firmar no G-4 da S\u00e9rie C"},"content":{"rendered":"\n<p><br>O Botafogo-PB entra em campo logo mais, \u00e0s 18h, no Almeid\u00e3o, para enfrentar o Imperatriz-MA no encerramento da quinta rodada do Grupo A do Campeonato Brasileiro da S\u00e9rie C.<\/p>\n\n\n\n<p>E ap\u00f3s a derrota para o Fortaleza, no jogo de ida da final da Copa do Nordeste, o foco do Belo passa a ser de firmar ainda mais no G-4 da chave.<\/p>\n\n\n\n<p>Com a necessidade de recuperar os pontos perdidos em casa nas duas partidas em que jogou no Almeid\u00e3o, o time de Evaristo Piza deve ir para cima do Imperatriz-MA em busca da primeira vit\u00f3ria diante dos seus torcedores no torneio nacional.<\/p>\n\n\n\n<figure class=\"wp-block-image\"><img decoding=\"async\" data-src=\"https:\/\/paraibaonline.com.br\/wp-content\/uploads\/2019\/05\/Belo.jpg\" alt=\"\" class=\"wp-image-739702 lazyload\" src=\"data:image\/svg+xml;base64,PHN2ZyB3aWR0aD0iMSIgaGVpZ2h0PSIxIiB4bWxucz0iaHR0cDovL3d3dy53My5vcmcvMjAwMC9zdmciPjwvc3ZnPg==\" \/><\/figure>\n\n\n\n<p>Foto: Ascom \/ Botafogo-PB<\/p>\n\n\n\n<p>Para o jogo, o treinador revelou que deve escalar uma equipe alternativa, poupando aqueles jogadores que est\u00e3o desgastados pela sequ\u00eancia excessiva de jogos na \u00faltima semana. Por\u00e9m, a decis\u00e3o s\u00f3 deve ser tomada poucos minutos antes do confronto.<\/p>\n\n\n\n<p>\u2013 \u00c9 necess\u00e1rio fazer algumas mudan\u00e7as. \u00c9 um jogo dif\u00edcil, como todos da S\u00e9rie C do Brasileiro. Precisei dar um descanso aos jogadores que atuaram contra o Fortaleza. Quando eles voltaram do descanso, avaliei como estava a recupera\u00e7\u00e3o dos atletas para decidir quem escalar para a partida \u2013 pontuo.<\/p>\n\n\n\n<p>Suspensos por terem levado o terceiro cart\u00e3o amarelo contra o ABC, o meia Clayton e o volante Rog\u00e9rio n\u00e3o jogam, o que significa que estar\u00e3o juntando o \u00fatil ao agrad\u00e1vel, poupando-se para a final\u00edssima do Nordest\u00e3o, na quarta-feira (29).<\/p>\n\n\n\n<p>Piza deve fazer as mudan\u00e7as simples em cada posi\u00e7\u00e3o: Enercino e Wellington Cezar nas respectivas vagas.<\/p>\n\n\n\n<p>\u2013 N\u00e3o deve fugir muito disso. Faremos reposi\u00e7\u00f5es simples. O Enercino entrou bem contra o Fortaleza, em um momento que n\u00e3o est\u00e1vamos retendo a bola e, com ele, a equipe conseguiu fluir bem. Se caso optarmos pelo Eriv\u00e9lton, vamos ter um jogador com caracter\u00edsticas de velocidade, mais verticalidade no jogo \u2013 disse.<\/p>\n\n\n\n<p>O meia Marcos Aur\u00e9lio, que estava se recuperando de uma les\u00e3o na coxa direita, ainda n\u00e3o deve atuar neste domingo. De acordo com Evaristo Piza, o atleta s\u00f3 estar\u00e1 completamente liberado, ap\u00f3s o laudo de uma resson\u00e2ncia magn\u00e9tica. O camisa 10 voltar\u00e1 a campo na partida contra o Fortaleza, na pr\u00f3xima quarta-feira.<\/p>\n\n\n\n<p><strong>Imperatriz-MA<\/strong><\/p>\n\n\n\n<p>Depois que Ruy Scarpino deixou o clube, o auxiliar t\u00e9cnico F\u00e1bio Nogueira assumiu o time interinamente.<\/p>\n\n\n\n<p>E ele definiu a equipe desde o treino da quarta-feira. Na defesa, suas op\u00e7\u00f5es s\u00e3o Jonas e Diogo Oliveira para refor\u00e7ar o setor. Na frente, por crit\u00e9rio t\u00e9cnico, J\u00fanior Chic\u00e3o e Gabriel Caju ganham as vagas de Vitor Xavier e Leandro Mineiro.<\/p>\n\n\n\n<p><strong>Arbitragem<\/strong><\/p>\n\n\n\n<p>O paraense Paulo Henrique Schleich apita Botafogo-PB x Imperatriz-MA. Ruy C\u00e9sar Lavarda e C\u00edcero Alessandro de Souza, tamb\u00e9m do Par\u00e1, ser\u00e3o seus assistentes.<\/p>\n\n\n\n<p><strong>Prov\u00e1veis escala\u00e7\u00f5es<\/strong><\/p>\n\n\n\n<p><strong>Botafogo-PB:<\/strong>&nbsp;Saulo, Neilson, Fred, William Goiano e Charles; Wellinton Cezar, Juninho, Marcos Vin\u00edcius e Enercino; Dico e Felipe Alves. T\u00e9cnico: Evaristo Piza.<\/p>\n\n\n\n<p><strong>Imperatriz-MA<\/strong>: Jean, Jonas, Diogo Oliveira, Gustavo Henrique e Renan Lu\u00eds; Xaves, Daniel Barros e Gabriel Caju; Jeff Silva, Val Barreto e J\u00fanior Chic\u00e3o. T\u00e9cnico: F\u00e1bio Nogueira (interino).<\/p>\n","protected":false},"excerpt":{"rendered":"<p>O Botafogo-PB entra em campo logo mais, \u00e0s 18h, no Almeid\u00e3o, para enfrentar o Imperatriz-MA no encerramento da quinta rodada do Grupo A do Campeonato&hellip; <\/p>\n","protected":false},"author":1,"featured_media":96536,"comment_status":"closed","ping_status":"closed","sticky":false,"template":"","format":"standard","meta":{"sfsi_plus_gutenberg_text_before_share":"","sfsi_plus_gutenberg_show_text_before_share":"","sfsi_plus_gutenberg_icon_type":"","sfsi_plus_gutenberg_icon_alignemt":"","sfsi_plus_gutenburg_max_per_row":"","footnotes":""},"categories":[50,13],"tags":[],"class_list":["post-96535","post","type-post","status-publish","format-standard","has-post-thumbnail","hentry","category-destaque","category-esportes"],"_links":{"self":[{"href":"https:\/\/www.caririemacao.com\/1\/wp-json\/wp\/v2\/posts\/96535","targetHints":{"allow":["GET"]}}],"collection":[{"href":"https:\/\/www.caririemacao.com\/1\/wp-json\/wp\/v2\/posts"}],"about":[{"href":"https:\/\/www.caririemacao.com\/1\/wp-json\/wp\/v2\/types\/post"}],"author":[{"embeddable":true,"href":"https:\/\/www.caririemacao.com\/1\/wp-json\/wp\/v2\/users\/1"}],"replies":[{"embeddable":true,"href":"https:\/\/www.caririemacao.com\/1\/wp-json\/wp\/v2\/comments?post=96535"}],"version-history":[{"count":1,"href":"https:\/\/www.caririemacao.com\/1\/wp-json\/wp\/v2\/posts\/96535\/revisions"}],"predecessor-version":[{"id":96537,"href":"https:\/\/www.caririemacao.com\/1\/wp-json\/wp\/v2\/posts\/96535\/revisions\/96537"}],"wp:featuredmedia":[{"embeddable":true,"href":"https:\/\/www.caririemacao.com\/1\/wp-json\/wp\/v2\/media\/96536"}],"wp:attachment":[{"href":"https:\/\/www.caririemacao.com\/1\/wp-json\/wp\/v2\/media?parent=96535"}],"wp:term":[{"taxonomy":"category","embeddable":true,"href":"https:\/\/www.caririemacao.com\/1\/wp-json\/wp\/v2\/categories?post=96535"},{"taxonomy":"post_tag","embeddable":true,"href":"https:\/\/www.caririemacao.com\/1\/wp-json\/wp\/v2\/tags?post=96535"}],"curies":[{"name":"wp","href":"https:\/\/api.w.org\/{rel}","templated":true}]}}