{"id":96550,"date":"2019-05-26T10:41:55","date_gmt":"2019-05-26T13:41:55","guid":{"rendered":"http:\/\/www.caririemacao.com\/1\/?p=96550"},"modified":"2019-05-26T10:41:55","modified_gmt":"2019-05-26T13:41:55","slug":"governador-entrega-ciretran-e-sistema-de-dessalinizacao-em-juazeirinho-e-autoriza-obras-para-a-regiao-do-cariri","status":"publish","type":"post","link":"https:\/\/www.caririemacao.com\/1\/2019\/05\/26\/governador-entrega-ciretran-e-sistema-de-dessalinizacao-em-juazeirinho-e-autoriza-obras-para-a-regiao-do-cariri\/","title":{"rendered":"Governador entrega Ciretran e sistema de dessaliniza\u00e7\u00e3o em Juazeirinho e autoriza obras para a regi\u00e3o do Cariri"},"content":{"rendered":"\n<p>O governador Jo\u00e3o Azev\u00eado entregou, neste s\u00e1bado (25), em Juazeirinho, a Circunscri\u00e7\u00e3o Regional de Tr\u00e2nsito (Ciretran) e o sistema de dessaliniza\u00e7\u00e3o do s\u00edtio Alto Grande.&nbsp;&nbsp;Na ocasi\u00e3o, o gestor tamb\u00e9m assinou a ordem de servi\u00e7o para in\u00edcio das obras de implanta\u00e7\u00e3o da segunda etapa do sistema de esgotamento sanit\u00e1rio do munic\u00edpio e recebeu o t\u00edtulo de cidad\u00e3o honor\u00e1rio de Juazeirinho da C\u00e2mara Municipal da cidade.<\/p>\n\n\n\n<p>Na solenidade, o governador destacou a satisfa\u00e7\u00e3o de estar em Juazeirinho para entregar obras importantes e reafirmou o compromisso com o desenvolvimento da regi\u00e3o.<\/p>\n\n\n\n<div class=\"wp-block-image\"><figure class=\"alignright\"><img decoding=\"async\" data-src=\"http:\/\/deolhonocariri.com.br\/wp-content\/uploads\/2019\/05\/unnamed-1-1.jpg\" alt=\"\" class=\"wp-image-67328 lazyload\" src=\"data:image\/svg+xml;base64,PHN2ZyB3aWR0aD0iMSIgaGVpZ2h0PSIxIiB4bWxucz0iaHR0cDovL3d3dy53My5vcmcvMjAwMC9zdmciPjwvc3ZnPg==\" \/><\/figure><\/div>\n\n\n\n<p>\u201cNo m\u00eas do Maio Amarelo, a Ciretran est\u00e1 chegando ao munic\u00edpio para prestar todos os servi\u00e7os envolvendo o tr\u00e2nsito. Al\u00e9m disso, a obra de esgotamento sanit\u00e1rio promove in\u00fameras altera\u00e7\u00f5es na rela\u00e7\u00e3o de conviv\u00eancia e de urbanidade e impacta na qualidade de vida e na sa\u00fade do cidad\u00e3o\u201d, frisou.<\/p>\n\n\n\n<p>Ele tamb\u00e9m aproveitou para garantir a constru\u00e7\u00e3o da estrada que vai ligar Juazeirinho a Santo Andr\u00e9.<\/p>\n\n\n\n<p>\u201cEu sei que o cidad\u00e3o que sai do Sert\u00e3o e precisa ir para o Cariri tem que ir at\u00e9 a Pra\u00e7a do Meio do Mundo, e com a estrada, n\u00f3s vamos reduzir em mais de 70 km o percurso. A nossa miss\u00e3o \u00e9 interligar regi\u00f5es e diminuir dist\u00e2ncias, fazendo com que o cidad\u00e3o chegue mais r\u00e1pido e que regi\u00f5es economicamente importantes tenham uma rela\u00e7\u00e3o mais f\u00e1cil de com\u00e9rcio\u201d, completou.<\/p>\n\n\n\n<p>O superintendente do Departamento Estadual de Tr\u00e2nsito (Detran), Agamenon Vieira, destacou que o \u00f3rg\u00e3o trabalha para desobstruir os grandes centros e garantir maior comodidade aos condutores de ve\u00edculos.<\/p>\n\n\n\n<p>\u201cO p\u00fablico dessa regi\u00e3o ter\u00e1 um atendimento melhor e mais pr\u00f3ximo de sua resid\u00eancia, a partir da pr\u00f3xima segunda-feira. Juazeirinho \u00e9 uma cidade p\u00f3lo e os motoristas&nbsp;da regi\u00e3o poder\u00e3o comparecer \u00e0 Ciretran para serem atendidos com os servi\u00e7os oferecidos pelo Detran, a exemplo de vistoria, troca de carteira de habilita\u00e7\u00e3o e transfer\u00eancia de propriedade; a nossa inten\u00e7\u00e3o \u00e9 evitar que os motoristas enfrentem grandes filas e se desloquem para uma dist\u00e2ncia maior, como Jo\u00e3o Pessoa e Campina Grande\u201d, pontuou.<\/p>\n\n\n\n<p>A Ciretran atender\u00e1 a v\u00e1rios munic\u00edpios adjacentes, beneficiando uma popula\u00e7\u00e3o de mais de 92.500 habitantes. Fruto de uma parceria entre o Governo do Estado e a Prefeitura do munic\u00edpio, que cedeu e restaurou o pr\u00e9dio localizado na Rua Professora Josefa Neta, S\/N, Centro, o novo \u00f3rg\u00e3o vai prestar atendimento aos usu\u00e1rios dos munic\u00edpios de Soledade, Assun\u00e7\u00e3o, Boa Vista, Cubati, Junco do Serid\u00f3, Livramento, Olivedos, S\u00e3o Vicente do Serid\u00f3, Tapero\u00e1 e Ten\u00f3rio. Com uma frota em torno de 18 mil ve\u00edculos, entre carros e motos, a nova Ciretran possibilitar\u00e1 que a popula\u00e7\u00e3o usufrua dos novos servi\u00e7os sem a necessidade de se deslocar para outras regi\u00f5es.<\/p>\n\n\n\n<p><strong>Sistema de esgotamento sanit\u00e1rio<\/strong>&nbsp;\u2013 Consiste na instala\u00e7\u00e3o de 8.317 metros de rede coletora e 796 liga\u00e7\u00f5es domiciliares. A obra ir\u00e1 receber investimentos de aproximadamente R$ 5,6 milh\u00f5es \u2013 oriundos do tesouro estadual e da Funda\u00e7\u00e3o Nacional de Sa\u00fade (Funasa) \u2013 beneficiando mais de 12 mil paraibanos.<\/p>\n\n\n\n<p><strong>Dessalinizador \u2013<\/strong>&nbsp;J\u00e1 as implanta\u00e7\u00f5es e recupera\u00e7\u00f5es dos sistemas de dessaliniza\u00e7\u00e3o receberam recursos na ordem de R$ 139 mil e contemplam 53 fam\u00edlias.<\/p>\n\n\n\n<p>A vice-governadora L\u00edgia Feliciano, o deputado federal Dami\u00e3o Feliciano, prefeitos, vice-prefeitos, vereadores e lideran\u00e7as da regi\u00e3o, al\u00e9m de auxiliares do Governo da Para\u00edba prestigiaram o evento.<\/p>\n","protected":false},"excerpt":{"rendered":"<p>O governador Jo\u00e3o Azev\u00eado entregou, neste s\u00e1bado (25), em Juazeirinho, a Circunscri\u00e7\u00e3o Regional de Tr\u00e2nsito (Ciretran) e o sistema de dessaliniza\u00e7\u00e3o do s\u00edtio Alto Grande.&nbsp;&nbsp;Na&hellip; <\/p>\n","protected":false},"author":1,"featured_media":96551,"comment_status":"closed","ping_status":"closed","sticky":false,"template":"","format":"standard","meta":{"sfsi_plus_gutenberg_text_before_share":"","sfsi_plus_gutenberg_show_text_before_share":"","sfsi_plus_gutenberg_icon_type":"","sfsi_plus_gutenberg_icon_alignemt":"","sfsi_plus_gutenburg_max_per_row":"","footnotes":""},"categories":[11],"tags":[],"class_list":["post-96550","post","type-post","status-publish","format-standard","has-post-thumbnail","hentry","category-politica"],"_links":{"self":[{"href":"https:\/\/www.caririemacao.com\/1\/wp-json\/wp\/v2\/posts\/96550","targetHints":{"allow":["GET"]}}],"collection":[{"href":"https:\/\/www.caririemacao.com\/1\/wp-json\/wp\/v2\/posts"}],"about":[{"href":"https:\/\/www.caririemacao.com\/1\/wp-json\/wp\/v2\/types\/post"}],"author":[{"embeddable":true,"href":"https:\/\/www.caririemacao.com\/1\/wp-json\/wp\/v2\/users\/1"}],"replies":[{"embeddable":true,"href":"https:\/\/www.caririemacao.com\/1\/wp-json\/wp\/v2\/comments?post=96550"}],"version-history":[{"count":1,"href":"https:\/\/www.caririemacao.com\/1\/wp-json\/wp\/v2\/posts\/96550\/revisions"}],"predecessor-version":[{"id":96552,"href":"https:\/\/www.caririemacao.com\/1\/wp-json\/wp\/v2\/posts\/96550\/revisions\/96552"}],"wp:featuredmedia":[{"embeddable":true,"href":"https:\/\/www.caririemacao.com\/1\/wp-json\/wp\/v2\/media\/96551"}],"wp:attachment":[{"href":"https:\/\/www.caririemacao.com\/1\/wp-json\/wp\/v2\/media?parent=96550"}],"wp:term":[{"taxonomy":"category","embeddable":true,"href":"https:\/\/www.caririemacao.com\/1\/wp-json\/wp\/v2\/categories?post=96550"},{"taxonomy":"post_tag","embeddable":true,"href":"https:\/\/www.caririemacao.com\/1\/wp-json\/wp\/v2\/tags?post=96550"}],"curies":[{"name":"wp","href":"https:\/\/api.w.org\/{rel}","templated":true}]}}