{"id":96554,"date":"2019-05-26T10:43:42","date_gmt":"2019-05-26T13:43:42","guid":{"rendered":"http:\/\/www.caririemacao.com\/1\/?p=96554"},"modified":"2019-05-26T10:43:42","modified_gmt":"2019-05-26T13:43:42","slug":"mda-libera-recursos-do-seguro-safra-para-mais-12-municipios-da-pb-05-cidades-do-cariri-foram-contempladas","status":"publish","type":"post","link":"https:\/\/www.caririemacao.com\/1\/2019\/05\/26\/mda-libera-recursos-do-seguro-safra-para-mais-12-municipios-da-pb-05-cidades-do-cariri-foram-contempladas\/","title":{"rendered":"MDA libera recursos do Seguro Safra para mais 12 munic\u00edpios da PB; 05 cidades do Cariri foram contempladas"},"content":{"rendered":"\n<p>O Minist\u00e9rio de Desenvolvimento Agr\u00e1rio atrav\u00e9s da coordena\u00e7\u00e3o Estadual do Programa Garantia Safra, aprovou nesta \u00faltima sexta-feira(24), a libera\u00e7\u00e3o de recursos do Seguro Safra para benefici\u00e1rios de mais 12 munic\u00edpios do Estado da Para\u00edba.<\/p>\n\n\n\n<p>O Sistema de Gerenciamento informou que mais 12 munic\u00edpios tiveram perda decretada conforme a legisla\u00e7\u00e3o do Programa Garantia Safra, totalizando 35 munic\u00edpios em que os agricultores tiveram perdas de 50% ou mais de suas lavouras. Os munic\u00edpios liberados poder\u00e3o entrar na folha de junho, ap\u00f3s a publica\u00e7\u00e3o no DOU.<\/p>\n\n\n\n<p>Na regi\u00e3o do Cariri, as cidades de Barra de Santana, Barra de S\u00e3o Miguel, Congo, Parari e S\u00e3o Jo\u00e3o do Cariri tiveram a aprova\u00e7\u00e3o pelo MDA e est\u00e3o aptos a receber os recursos do Garantia Safra que ir\u00e3o beneficiar diretamente os agricultores das respectivas cidades.<\/p>\n\n\n\n<p><em><strong>Segue a lista dos munic\u00edpios:<\/strong><\/em><\/p>\n\n\n\n<p><strong>1. Barra de Santana<\/strong><br><strong>2. Barra de S\u00e3o Miguel<\/strong><br><strong>3. Congo<\/strong><br>4. Gado Bravo<br>5. Itabaiana<br>6. Itatuba<br>7. Montadas<br>8. Natuba<br><strong>9. Parari<\/strong><br>10. Queimadas<br><strong>11. S\u00e3o Jo\u00e3o do Cariri<\/strong><br>12. Umbuzeiro<\/p>\n\n\n\n<p>As demais cidades que ainda n\u00e3o tiveram a conclus\u00e3o da verifica\u00e7\u00e3o de perdas dever\u00e3o aguardar oficializa\u00e7\u00e3o da Coordena\u00e7\u00e3o Nacional do Sistema de Gerenciamento.<\/p>\n\n\n\n<p><strong>De Olho no Cariri<\/strong><\/p>\n","protected":false},"excerpt":{"rendered":"<p>O Minist\u00e9rio de Desenvolvimento Agr\u00e1rio atrav\u00e9s da coordena\u00e7\u00e3o Estadual do Programa Garantia Safra, aprovou nesta \u00faltima sexta-feira(24), a libera\u00e7\u00e3o de recursos do Seguro Safra para&hellip; <\/p>\n","protected":false},"author":1,"featured_media":96555,"comment_status":"closed","ping_status":"closed","sticky":false,"template":"","format":"standard","meta":{"sfsi_plus_gutenberg_text_before_share":"","sfsi_plus_gutenberg_show_text_before_share":"","sfsi_plus_gutenberg_icon_type":"","sfsi_plus_gutenberg_icon_alignemt":"","sfsi_plus_gutenburg_max_per_row":"","footnotes":""},"categories":[6,50],"tags":[],"class_list":["post-96554","post","type-post","status-publish","format-standard","has-post-thumbnail","hentry","category-cidades","category-destaque"],"_links":{"self":[{"href":"https:\/\/www.caririemacao.com\/1\/wp-json\/wp\/v2\/posts\/96554","targetHints":{"allow":["GET"]}}],"collection":[{"href":"https:\/\/www.caririemacao.com\/1\/wp-json\/wp\/v2\/posts"}],"about":[{"href":"https:\/\/www.caririemacao.com\/1\/wp-json\/wp\/v2\/types\/post"}],"author":[{"embeddable":true,"href":"https:\/\/www.caririemacao.com\/1\/wp-json\/wp\/v2\/users\/1"}],"replies":[{"embeddable":true,"href":"https:\/\/www.caririemacao.com\/1\/wp-json\/wp\/v2\/comments?post=96554"}],"version-history":[{"count":1,"href":"https:\/\/www.caririemacao.com\/1\/wp-json\/wp\/v2\/posts\/96554\/revisions"}],"predecessor-version":[{"id":96556,"href":"https:\/\/www.caririemacao.com\/1\/wp-json\/wp\/v2\/posts\/96554\/revisions\/96556"}],"wp:featuredmedia":[{"embeddable":true,"href":"https:\/\/www.caririemacao.com\/1\/wp-json\/wp\/v2\/media\/96555"}],"wp:attachment":[{"href":"https:\/\/www.caririemacao.com\/1\/wp-json\/wp\/v2\/media?parent=96554"}],"wp:term":[{"taxonomy":"category","embeddable":true,"href":"https:\/\/www.caririemacao.com\/1\/wp-json\/wp\/v2\/categories?post=96554"},{"taxonomy":"post_tag","embeddable":true,"href":"https:\/\/www.caririemacao.com\/1\/wp-json\/wp\/v2\/tags?post=96554"}],"curies":[{"name":"wp","href":"https:\/\/api.w.org\/{rel}","templated":true}]}}