{"id":96561,"date":"2019-05-26T10:56:53","date_gmt":"2019-05-26T13:56:53","guid":{"rendered":"http:\/\/www.caririemacao.com\/1\/?p=96561"},"modified":"2019-05-26T10:56:53","modified_gmt":"2019-05-26T13:56:53","slug":"homem-e-preso-pela-lei-maria-da-penha-por-agredir-e-ameacar-esposa-em-monteiro","status":"publish","type":"post","link":"https:\/\/www.caririemacao.com\/1\/2019\/05\/26\/homem-e-preso-pela-lei-maria-da-penha-por-agredir-e-ameacar-esposa-em-monteiro\/","title":{"rendered":"Homem \u00e9 preso pela Lei Maria da Penha por agredir e amea\u00e7ar esposa em Monteiro"},"content":{"rendered":"\n<p>Um homem foi preso no \u00faltimo s\u00e1bado (25), com base na Lei Maria da Penha, acusado de ter agredido e amea\u00e7ado sua companheira, em Monteiro no Cariri Paraibano. Segundo informa\u00e7\u00f5es, o caso aconteceu na Rua Givonaldo Cavalcante, no Bairro do Alto de S\u00e3o Vicente.<\/p>\n\n\n\n<p>Ap\u00f3s den\u00fancia ele foi detido e encaminhado \u00e0 14\u00aa Seccional de Pol\u00edcia Civil Monteiro.<\/p>\n\n\n\n<p>OPIPOCO<\/p>\n","protected":false},"excerpt":{"rendered":"<p>Um homem foi preso no \u00faltimo s\u00e1bado (25), com base na Lei Maria da Penha, acusado de ter agredido e amea\u00e7ado sua companheira, em Monteiro&hellip; <\/p>\n","protected":false},"author":1,"featured_media":96562,"comment_status":"closed","ping_status":"closed","sticky":false,"template":"","format":"standard","meta":{"sfsi_plus_gutenberg_text_before_share":"","sfsi_plus_gutenberg_show_text_before_share":"","sfsi_plus_gutenberg_icon_type":"","sfsi_plus_gutenberg_icon_alignemt":"","sfsi_plus_gutenburg_max_per_row":"","footnotes":""},"categories":[50,12],"tags":[],"class_list":["post-96561","post","type-post","status-publish","format-standard","has-post-thumbnail","hentry","category-destaque","category-policia"],"_links":{"self":[{"href":"https:\/\/www.caririemacao.com\/1\/wp-json\/wp\/v2\/posts\/96561","targetHints":{"allow":["GET"]}}],"collection":[{"href":"https:\/\/www.caririemacao.com\/1\/wp-json\/wp\/v2\/posts"}],"about":[{"href":"https:\/\/www.caririemacao.com\/1\/wp-json\/wp\/v2\/types\/post"}],"author":[{"embeddable":true,"href":"https:\/\/www.caririemacao.com\/1\/wp-json\/wp\/v2\/users\/1"}],"replies":[{"embeddable":true,"href":"https:\/\/www.caririemacao.com\/1\/wp-json\/wp\/v2\/comments?post=96561"}],"version-history":[{"count":1,"href":"https:\/\/www.caririemacao.com\/1\/wp-json\/wp\/v2\/posts\/96561\/revisions"}],"predecessor-version":[{"id":96563,"href":"https:\/\/www.caririemacao.com\/1\/wp-json\/wp\/v2\/posts\/96561\/revisions\/96563"}],"wp:featuredmedia":[{"embeddable":true,"href":"https:\/\/www.caririemacao.com\/1\/wp-json\/wp\/v2\/media\/96562"}],"wp:attachment":[{"href":"https:\/\/www.caririemacao.com\/1\/wp-json\/wp\/v2\/media?parent=96561"}],"wp:term":[{"taxonomy":"category","embeddable":true,"href":"https:\/\/www.caririemacao.com\/1\/wp-json\/wp\/v2\/categories?post=96561"},{"taxonomy":"post_tag","embeddable":true,"href":"https:\/\/www.caririemacao.com\/1\/wp-json\/wp\/v2\/tags?post=96561"}],"curies":[{"name":"wp","href":"https:\/\/api.w.org\/{rel}","templated":true}]}}