{"id":96571,"date":"2019-05-26T14:26:52","date_gmt":"2019-05-26T17:26:52","guid":{"rendered":"http:\/\/www.caririemacao.com\/1\/?p=96571"},"modified":"2019-05-26T14:26:52","modified_gmt":"2019-05-26T17:26:52","slug":"bolsonaro-afirma-estar-cumprindo-o-que-prometeu-durante-a-campanha","status":"publish","type":"post","link":"https:\/\/www.caririemacao.com\/1\/2019\/05\/26\/bolsonaro-afirma-estar-cumprindo-o-que-prometeu-durante-a-campanha\/","title":{"rendered":"Bolsonaro afirma estar \u201ccumprindo o que prometeu durante a campanha\u201d"},"content":{"rendered":"\n<p>Durante o culto evang\u00e9lico do qual participou na manh\u00e3 deste domingo (26), no Rio, o presidente Jair Bolsonaro disse ser o \u00fanico eleito na hist\u00f3ria do pa\u00eds que \u201cest\u00e1 cumprindo o que prometeu durante a campanha\u201d.<\/p>\n\n\n\n<p>A declara\u00e7\u00e3o foi dada sobre o palco da Igreja Batista Atitude, no Recreio do Bandeirantes, ao lado do pastor evang\u00e9lico Josu\u00e9 Valandro J\u00fanior. Cerca de 3.800 fi\u00e9is assistiram o culto.<\/p>\n\n\n\n<p>Ao lado da primeira-dama,&nbsp;Michelle&nbsp;Bolsonaro, o presidente se ajoelhou para pedir ora\u00e7\u00f5es \u201cpara mim, para o Brasil, e para autoridades para que consigamos vencer obst\u00e1culos\u201d.<\/p>\n\n\n\n<p>Sobre as manifesta\u00e7\u00f5es em apoio ao governo, que ocorriam no mesmo hor\u00e1rio a cerca de&nbsp;30km&nbsp;dali,&nbsp;Bolsonaro&nbsp;afirmou serem \u201cespont\u00e2neas\u201d e com \u201cpautas definidas\u201d que iam al\u00e9m do apoio \u00e0 presid\u00eancia.<\/p>\n\n\n\n<p>\u201c\u00c9 uma manifesta\u00e7\u00e3o [\u2026] com respeito \u00e0s leis e institui\u00e7\u00f5es. Mas com um firme prop\u00f3sito de dar um recado \u00e0queles que tentam com velhas pr\u00e1ticas n\u00e3o deixar que o povo se liberte\u201d, disse.<\/p>\n\n\n\n<figure class=\"wp-block-image\"><img decoding=\"async\" data-src=\"https:\/\/paraibaonline.com.br\/wp-content\/uploads\/2019\/05\/BOLSONARO1--567x378.jpg\" alt=\"Foto: Fernando Fraz\u00e3o\/Ag\u00eancia Brasil\" class=\"wp-image-739779 lazyload\" src=\"data:image\/svg+xml;base64,PHN2ZyB3aWR0aD0iMSIgaGVpZ2h0PSIxIiB4bWxucz0iaHR0cDovL3d3dy53My5vcmcvMjAwMC9zdmciPjwvc3ZnPg==\" style=\"--smush-placeholder-width: 567px; --smush-placeholder-aspect-ratio: 567\/378;\" \/><\/figure>\n\n\n\n<p>Foto: Fernando Fraz\u00e3o\/Ag\u00eancia Brasil<\/p>\n\n\n\n<p>O presidente tamb\u00e9m citou a visita que fez a Israel e disse que parentes e aqueles que estavam ao seu lado sofriam com problemas que se avolumavam.<\/p>\n\n\n\n<p>&nbsp;Antes de chamar Bolsonaro ao palco, o pastor Valandro apresentou o presidente como \u201caquele que o senhor tirou do vale da sombra da morte\u201d,&nbsp;em refer\u00eancia ao atentado sofrido durante a campanha.<\/p>\n\n\n\n<p>O pastor tamb\u00e9m ressaltou que o governo estaria apenas no in\u00edcio, e que os evang\u00e9licos deveriam orar para dar for\u00e7as para que o presidente enfrente momentos de press\u00e3o.<\/p>\n\n\n\n<p>\u201cSenhor, nosso pa\u00eds carece, por isso oramos em favor do governo Bolsonaro como o melhor governo da hist\u00f3ria desse pa\u00eds, \u00e9 o que te suplicamos\u201d, disse.<\/p>\n\n\n\n<p>Bolsonaro subiu ao palco sob aplausos dos presentes. Ap\u00f3s um discurso de cerca de sete minutos, desceu do palco e assistiu ao restante da celebra\u00e7\u00e3o ao lado de Michelle.<\/p>\n\n\n\n<p>Bolsonaro est\u00e1 no Rio desde s\u00e1bado (25), quando chegou \u00e0 cidade para ir ao casamento de seu filho, o deputado federal Eduardo Bolsonaro (PSL). Ap\u00f3s o culto, ele retorna a Bras\u00edlia ainda na tarde de domingo.<\/p>\n","protected":false},"excerpt":{"rendered":"<p>Durante o culto evang\u00e9lico do qual participou na manh\u00e3 deste domingo (26), no Rio, o presidente Jair Bolsonaro disse ser o \u00fanico eleito na hist\u00f3ria&hellip; <\/p>\n","protected":false},"author":1,"featured_media":96572,"comment_status":"closed","ping_status":"closed","sticky":false,"template":"","format":"standard","meta":{"sfsi_plus_gutenberg_text_before_share":"","sfsi_plus_gutenberg_show_text_before_share":"","sfsi_plus_gutenberg_icon_type":"","sfsi_plus_gutenberg_icon_alignemt":"","sfsi_plus_gutenburg_max_per_row":"","footnotes":""},"categories":[11],"tags":[],"class_list":["post-96571","post","type-post","status-publish","format-standard","has-post-thumbnail","hentry","category-politica"],"_links":{"self":[{"href":"https:\/\/www.caririemacao.com\/1\/wp-json\/wp\/v2\/posts\/96571","targetHints":{"allow":["GET"]}}],"collection":[{"href":"https:\/\/www.caririemacao.com\/1\/wp-json\/wp\/v2\/posts"}],"about":[{"href":"https:\/\/www.caririemacao.com\/1\/wp-json\/wp\/v2\/types\/post"}],"author":[{"embeddable":true,"href":"https:\/\/www.caririemacao.com\/1\/wp-json\/wp\/v2\/users\/1"}],"replies":[{"embeddable":true,"href":"https:\/\/www.caririemacao.com\/1\/wp-json\/wp\/v2\/comments?post=96571"}],"version-history":[{"count":1,"href":"https:\/\/www.caririemacao.com\/1\/wp-json\/wp\/v2\/posts\/96571\/revisions"}],"predecessor-version":[{"id":96573,"href":"https:\/\/www.caririemacao.com\/1\/wp-json\/wp\/v2\/posts\/96571\/revisions\/96573"}],"wp:featuredmedia":[{"embeddable":true,"href":"https:\/\/www.caririemacao.com\/1\/wp-json\/wp\/v2\/media\/96572"}],"wp:attachment":[{"href":"https:\/\/www.caririemacao.com\/1\/wp-json\/wp\/v2\/media?parent=96571"}],"wp:term":[{"taxonomy":"category","embeddable":true,"href":"https:\/\/www.caririemacao.com\/1\/wp-json\/wp\/v2\/categories?post=96571"},{"taxonomy":"post_tag","embeddable":true,"href":"https:\/\/www.caririemacao.com\/1\/wp-json\/wp\/v2\/tags?post=96571"}],"curies":[{"name":"wp","href":"https:\/\/api.w.org\/{rel}","templated":true}]}}