{"id":96574,"date":"2019-05-26T15:47:07","date_gmt":"2019-05-26T18:47:07","guid":{"rendered":"http:\/\/www.caririemacao.com\/1\/?p=96574"},"modified":"2019-05-26T15:47:07","modified_gmt":"2019-05-26T18:47:07","slug":"em-monteiro-mais-sete-cancoes-sao-classificadas-para-a-final-do-festival-de-musica-da-paraiba","status":"publish","type":"post","link":"https:\/\/www.caririemacao.com\/1\/2019\/05\/26\/em-monteiro-mais-sete-cancoes-sao-classificadas-para-a-final-do-festival-de-musica-da-paraiba\/","title":{"rendered":"EM MONTEIRO: Mais sete can\u00e7\u00f5es s\u00e3o classificadas para a final do Festival de M\u00fasica da Para\u00edba"},"content":{"rendered":"\n<p>Sete m\u00fasicas foram classificadas e v\u00e3o participar da final\ndo II Festival de M\u00fasica da Para\u00edba, que acontece no dia 31 de maio em Jo\u00e3o\nPessoa. As can\u00e7\u00f5es foram apresentadas na segunda eliminat\u00f3ria do concurso na\nnoite deste s\u00e1bado (25), em Monteiro. <\/p>\n\n\n\n<p>A eliminat\u00f3ria em Monteiro aconteceu na Pra\u00e7a Jo\u00e3o Pessoa e\ncontou com 15 faixas que foram apresentadas: \u201cTerra \u00e0 Vista\u201d, de Yanca\nMedeiros; \u201cPandeiro\u201d, de Yuri Gonzaga, Z\u00e9 Neto e Carlos Henrique; \u201cMaldito\u201d, de\nCaique Ferreira; \u201cA Vida \u00e9 Sonho\u201d, de J\u00e9ssica Melo e Ari Rodrigues; \u201cVaral de\nBem Querer\u201d, de Amorim; \u201cCanto Protetor\u201d, de Tiago Sotero; \u201cMeu Recado\u201d, de\nWagner Malta\u201d; \u201cApneia\u201d, de Cerebraz; \u201cCalamidade\u201d, de Willames Diniz;\n\u201cFlorescer\u201d, de Tathy Martins; \u201cBrados do Guerreiro\u201d, de Alberto Batista; \u201cO\nQue Vale?\u201d, de Nelson Nunes Farias; \u201cDescoberta\u201d, de Lucas Gai\u00e3o; \u201cNordeste\nImenso\u201d, de Raabe Catarine; e \u201cClareou\u201d, de Jeann Bin\u201d.<\/p>\n\n\n\n<p>Ap\u00f3s serem interpretadas, os jurados escolheram sete m\u00fasicas.\nElas estar\u00e3o no dia 31 de maio na final\u00edssima em Jo\u00e3o Pessoa, juntamente com as\noutras sete can\u00e7\u00f5es selecionadas em Alagoa Grande.<\/p>\n\n\n\n<p><strong>Se liga na lista:<\/strong><\/p>\n\n\n\n<p>&#8211; Nordeste Imenso (Raabe)<\/p>\n\n\n\n<p>&#8211; Canto Protetor (Tiago Sotero)<\/p>\n\n\n\n<p>&#8211; Pandeiro (Yuri Gonzaga, Z\u00e9 Neto e Carlos Henrique)<\/p>\n\n\n\n<p>&#8211; Florescer (Tathy Martins)<\/p>\n\n\n\n<p>&#8211; Brados do Guerreiro (Poeta Alberto Batista)<\/p>\n\n\n\n<p>&#8211; A Vida \u00c9 Sonho (J\u00e9ssica Melo e Ari Rodrigues)<\/p>\n\n\n\n<p>&#8211; Apn\u00e9ia (Cerebraz)<\/p>\n\n\n\n<p>Na final em Jo\u00e3o Pessoa, ser\u00e3o pago 20 mil reais em premia\u00e7\u00e3o, sendo R$ 2 mil para o melhor int\u00e9rprete, R$ 3 mil para o terceiro, R$ 5 mil para o segundo e sendo R$ 10 mil para o primeiro colocado.<\/p>\n\n\n\n<p>Este ano o festival homenageia o centen\u00e1rio de nascimento de Jackson do Pandeiro, o \u201cRei do Ritmo\u201d. Na primeira edi\u00e7\u00e3o do festival, venceu a m\u00fasica &#8220;Impr\u00f3pria&#8221;, de Chico Limeira.<\/p>\n\n\n\n<p><a href=\"https:\/\/www.facebook.com\/pg\/CaririEmAcao\/photos\/?tab=album&amp;album_id=1555472341255450\">CLIQUE AQUI E VEJA TODAS AS FOTOS.<\/a><\/p>\n","protected":false},"excerpt":{"rendered":"<p>Sete m\u00fasicas foram classificadas e v\u00e3o participar da final do II Festival de M\u00fasica da Para\u00edba, que acontece no dia 31 de maio em Jo\u00e3o&hellip; <\/p>\n","protected":false},"author":2,"featured_media":96583,"comment_status":"closed","ping_status":"closed","sticky":false,"template":"","format":"standard","meta":{"sfsi_plus_gutenberg_text_before_share":"","sfsi_plus_gutenberg_show_text_before_share":"","sfsi_plus_gutenberg_icon_type":"","sfsi_plus_gutenberg_icon_alignemt":"","sfsi_plus_gutenburg_max_per_row":"","footnotes":""},"categories":[50,2],"tags":[],"class_list":["post-96574","post","type-post","status-publish","format-standard","has-post-thumbnail","hentry","category-destaque","category-geral"],"_links":{"self":[{"href":"https:\/\/www.caririemacao.com\/1\/wp-json\/wp\/v2\/posts\/96574","targetHints":{"allow":["GET"]}}],"collection":[{"href":"https:\/\/www.caririemacao.com\/1\/wp-json\/wp\/v2\/posts"}],"about":[{"href":"https:\/\/www.caririemacao.com\/1\/wp-json\/wp\/v2\/types\/post"}],"author":[{"embeddable":true,"href":"https:\/\/www.caririemacao.com\/1\/wp-json\/wp\/v2\/users\/2"}],"replies":[{"embeddable":true,"href":"https:\/\/www.caririemacao.com\/1\/wp-json\/wp\/v2\/comments?post=96574"}],"version-history":[{"count":1,"href":"https:\/\/www.caririemacao.com\/1\/wp-json\/wp\/v2\/posts\/96574\/revisions"}],"predecessor-version":[{"id":96584,"href":"https:\/\/www.caririemacao.com\/1\/wp-json\/wp\/v2\/posts\/96574\/revisions\/96584"}],"wp:featuredmedia":[{"embeddable":true,"href":"https:\/\/www.caririemacao.com\/1\/wp-json\/wp\/v2\/media\/96583"}],"wp:attachment":[{"href":"https:\/\/www.caririemacao.com\/1\/wp-json\/wp\/v2\/media?parent=96574"}],"wp:term":[{"taxonomy":"category","embeddable":true,"href":"https:\/\/www.caririemacao.com\/1\/wp-json\/wp\/v2\/categories?post=96574"},{"taxonomy":"post_tag","embeddable":true,"href":"https:\/\/www.caririemacao.com\/1\/wp-json\/wp\/v2\/tags?post=96574"}],"curies":[{"name":"wp","href":"https:\/\/api.w.org\/{rel}","templated":true}]}}