{"id":96575,"date":"2019-05-26T14:44:36","date_gmt":"2019-05-26T17:44:36","guid":{"rendered":"http:\/\/www.caririemacao.com\/1\/?p=96575"},"modified":"2019-05-26T14:44:36","modified_gmt":"2019-05-26T17:44:36","slug":"pesquisa-indica-que-melhor-momento-da-imagem-do-brasil-no-exterior-foi-no-governo-lula","status":"publish","type":"post","link":"https:\/\/www.caririemacao.com\/1\/2019\/05\/26\/pesquisa-indica-que-melhor-momento-da-imagem-do-brasil-no-exterior-foi-no-governo-lula\/","title":{"rendered":"Pesquisa indica que melhor momento da imagem do Brasil no exterior foi no governo Lula"},"content":{"rendered":"\n<p>A pesquisa I See Brazil, que leva em considera\u00e7\u00e3o reportagens de grandes ve\u00edculos de imprensa em diversos pa\u00edses, mostra que a imagem do Brasil no exterior vive um de seus piores momentos, entre outros motivos pelo &#8220;presidente desconectado das pautas do s\u00e9culo XXI&#8221;, enquanto que o melhor momento ocorreu h\u00e1 10 anos, no governo do ex-presidente Luiz In\u00e1cio Lula da Silva<br><\/p>\n\n\n\n<p>A pesquisa da Imagem Corporativa feita no primeiro trimestre de 2019 com 1.822 reportagens de grandes ve\u00edculos de imprensa de onze pa\u00edses revela que a imagem do Brasil no exterior vive um de seus piores momentos, com 73% das not\u00edcias negativas.<br><\/p>\n\n\n\n<p>O melhor momento ocorreu h\u00e1 10 anos, no governo Lula, quando 83% das reportagens retratavam o pa\u00eds de forma positiva, informa Lauro Jardim neste domingo (26) em O Globo.<\/p>\n\n\n\n<p>O levantamento I See Brazil deste ano mostra que apenas 27% das reportagem foram positivas. Os principais motivos para a p\u00e9ssima imagem do Brasil no exterior, segundo Lauro Jardim, s\u00e3o: Jair Bolsonaro, &#8220;o presidente desconectado das pautas do s\u00e9culo XXI&#8221;, o acidente em Brumadinho (MG) e a economia em retra\u00e7\u00e3o.<\/p>\n","protected":false},"excerpt":{"rendered":"<p>A pesquisa I See Brazil, que leva em considera\u00e7\u00e3o reportagens de grandes ve\u00edculos de imprensa em diversos pa\u00edses, mostra que a imagem do Brasil no&hellip; <\/p>\n","protected":false},"author":1,"featured_media":96576,"comment_status":"closed","ping_status":"closed","sticky":false,"template":"","format":"standard","meta":{"sfsi_plus_gutenberg_text_before_share":"","sfsi_plus_gutenberg_show_text_before_share":"","sfsi_plus_gutenberg_icon_type":"","sfsi_plus_gutenberg_icon_alignemt":"","sfsi_plus_gutenburg_max_per_row":"","footnotes":""},"categories":[50,11],"tags":[],"class_list":["post-96575","post","type-post","status-publish","format-standard","has-post-thumbnail","hentry","category-destaque","category-politica"],"_links":{"self":[{"href":"https:\/\/www.caririemacao.com\/1\/wp-json\/wp\/v2\/posts\/96575","targetHints":{"allow":["GET"]}}],"collection":[{"href":"https:\/\/www.caririemacao.com\/1\/wp-json\/wp\/v2\/posts"}],"about":[{"href":"https:\/\/www.caririemacao.com\/1\/wp-json\/wp\/v2\/types\/post"}],"author":[{"embeddable":true,"href":"https:\/\/www.caririemacao.com\/1\/wp-json\/wp\/v2\/users\/1"}],"replies":[{"embeddable":true,"href":"https:\/\/www.caririemacao.com\/1\/wp-json\/wp\/v2\/comments?post=96575"}],"version-history":[{"count":1,"href":"https:\/\/www.caririemacao.com\/1\/wp-json\/wp\/v2\/posts\/96575\/revisions"}],"predecessor-version":[{"id":96577,"href":"https:\/\/www.caririemacao.com\/1\/wp-json\/wp\/v2\/posts\/96575\/revisions\/96577"}],"wp:featuredmedia":[{"embeddable":true,"href":"https:\/\/www.caririemacao.com\/1\/wp-json\/wp\/v2\/media\/96576"}],"wp:attachment":[{"href":"https:\/\/www.caririemacao.com\/1\/wp-json\/wp\/v2\/media?parent=96575"}],"wp:term":[{"taxonomy":"category","embeddable":true,"href":"https:\/\/www.caririemacao.com\/1\/wp-json\/wp\/v2\/categories?post=96575"},{"taxonomy":"post_tag","embeddable":true,"href":"https:\/\/www.caririemacao.com\/1\/wp-json\/wp\/v2\/tags?post=96575"}],"curies":[{"name":"wp","href":"https:\/\/api.w.org\/{rel}","templated":true}]}}