{"id":96580,"date":"2019-05-26T15:05:33","date_gmt":"2019-05-26T18:05:33","guid":{"rendered":"http:\/\/www.caririemacao.com\/1\/?p=96580"},"modified":"2019-05-26T15:05:33","modified_gmt":"2019-05-26T18:05:33","slug":"obesidade-com-194-kg-mulher-volta-a-pedir-ajudar-aos-monteirenses","status":"publish","type":"post","link":"https:\/\/www.caririemacao.com\/1\/2019\/05\/26\/obesidade-com-194-kg-mulher-volta-a-pedir-ajudar-aos-monteirenses\/","title":{"rendered":"Obesidade: Com 194 Kg, mulher volta a pedir ajudar aos monteirenses"},"content":{"rendered":"\n<p>Concei\u00e7\u00e3o vive dias dif\u00edceis, a situa\u00e7\u00e3o se agravou, al\u00e9m do aumento no peso, hoje com 194 Kg, ela enfrenta outras dificuldades, como a falta de alimentos e pomadas que s\u00e3o utilizadas em ferimentos provocados pela reten\u00e7\u00e3o de l\u00edquido.<\/p>\n\n\n\n<p>\u201cMinha situa\u00e7\u00e3o \u00e9 muito dif\u00edcil, vivo s\u00f3, caio muito, dependo dos outros, durante a noite \u00e9 complicado\u201d.<\/p>\n\n\n\n<p>Com PARA\u00cdBA DA GENTE<\/p>\n\n\n\n<p>Confira a entrevista:<\/p>\n\n\n\n<figure class=\"wp-block-embed-youtube wp-block-embed is-type-video is-provider-youtube wp-embed-aspect-16-9 wp-has-aspect-ratio\"><div class=\"wp-block-embed__wrapper\">\n<div class=\"ose-youtube ose-uid-f0b35dfcc6053394d2076e029efdc50d ose-embedpress-responsive\" style=\"width:600px; height:550px; max-height:550px; max-width:100%; display:inline-block;\" data-embed-type=\"Youtube\"><iframe allowFullScreen=\"true\" title=\"Com 194 kg mulher pede ajuda\" width=\"600\" height=\"550\" data-src=\"https:\/\/www.youtube.com\/embed\/QZYDSt6yOuo?feature=oembed&color=red&rel=0&controls=1&start=&end=&fs=0&iv_load_policy=0&autoplay=0&mute=0&modestbranding=0&cc_load_policy=1&playsinline=1\" frameborder=\"0\" allow=\"accelerometer; encrypted-media;accelerometer;autoplay;clipboard-write;gyroscope;picture-in-picture clipboard-write; encrypted-media; gyroscope; picture-in-picture; web-share\" referrerpolicy=\"strict-origin-when-cross-origin\" allowfullscreen src=\"data:image\/svg+xml;base64,PHN2ZyB3aWR0aD0iMSIgaGVpZ2h0PSIxIiB4bWxucz0iaHR0cDovL3d3dy53My5vcmcvMjAwMC9zdmciPjwvc3ZnPg==\" class=\"lazyload\" data-load-mode=\"1\"><\/iframe><\/div>\n<\/div><\/figure>\n","protected":false},"excerpt":{"rendered":"<p>Concei\u00e7\u00e3o vive dias dif\u00edceis, a situa\u00e7\u00e3o se agravou, al\u00e9m do aumento no peso, hoje com 194 Kg, ela enfrenta outras dificuldades, como a falta de&hellip; <\/p>\n","protected":false},"author":1,"featured_media":96581,"comment_status":"closed","ping_status":"closed","sticky":false,"template":"","format":"standard","meta":{"sfsi_plus_gutenberg_text_before_share":"","sfsi_plus_gutenberg_show_text_before_share":"","sfsi_plus_gutenberg_icon_type":"","sfsi_plus_gutenberg_icon_alignemt":"","sfsi_plus_gutenburg_max_per_row":"","footnotes":""},"categories":[6,50],"tags":[],"class_list":["post-96580","post","type-post","status-publish","format-standard","has-post-thumbnail","hentry","category-cidades","category-destaque"],"_links":{"self":[{"href":"https:\/\/www.caririemacao.com\/1\/wp-json\/wp\/v2\/posts\/96580","targetHints":{"allow":["GET"]}}],"collection":[{"href":"https:\/\/www.caririemacao.com\/1\/wp-json\/wp\/v2\/posts"}],"about":[{"href":"https:\/\/www.caririemacao.com\/1\/wp-json\/wp\/v2\/types\/post"}],"author":[{"embeddable":true,"href":"https:\/\/www.caririemacao.com\/1\/wp-json\/wp\/v2\/users\/1"}],"replies":[{"embeddable":true,"href":"https:\/\/www.caririemacao.com\/1\/wp-json\/wp\/v2\/comments?post=96580"}],"version-history":[{"count":1,"href":"https:\/\/www.caririemacao.com\/1\/wp-json\/wp\/v2\/posts\/96580\/revisions"}],"predecessor-version":[{"id":96582,"href":"https:\/\/www.caririemacao.com\/1\/wp-json\/wp\/v2\/posts\/96580\/revisions\/96582"}],"wp:featuredmedia":[{"embeddable":true,"href":"https:\/\/www.caririemacao.com\/1\/wp-json\/wp\/v2\/media\/96581"}],"wp:attachment":[{"href":"https:\/\/www.caririemacao.com\/1\/wp-json\/wp\/v2\/media?parent=96580"}],"wp:term":[{"taxonomy":"category","embeddable":true,"href":"https:\/\/www.caririemacao.com\/1\/wp-json\/wp\/v2\/categories?post=96580"},{"taxonomy":"post_tag","embeddable":true,"href":"https:\/\/www.caririemacao.com\/1\/wp-json\/wp\/v2\/tags?post=96580"}],"curies":[{"name":"wp","href":"https:\/\/api.w.org\/{rel}","templated":true}]}}