{"id":96585,"date":"2019-05-26T15:58:46","date_gmt":"2019-05-26T18:58:46","guid":{"rendered":"http:\/\/www.caririemacao.com\/1\/?p=96585"},"modified":"2019-05-26T15:59:12","modified_gmt":"2019-05-26T18:59:12","slug":"sumeense-tem-musica-classificada-para-a-final-do-2o-festival-de-musica-da-paraiba","status":"publish","type":"post","link":"https:\/\/www.caririemacao.com\/1\/2019\/05\/26\/sumeense-tem-musica-classificada-para-a-final-do-2o-festival-de-musica-da-paraiba\/","title":{"rendered":"Sumeense tem m\u00fasica classificada para a final do 2\u00ba Festival de M\u00fasica da Para\u00edba"},"content":{"rendered":"\n<p>A cidade de Monteiro, foi o palco da segunda eliminat\u00f3ria do\n2\u00ba Festival de M\u00fasica da Para\u00edba, um festival que neste ano homenageia o\ncenten\u00e1rio de nascimento de Jackson do Pandeiro, o \u201cRei do Ritmo\u201d. Na primeira\nedi\u00e7\u00e3o do festival, venceu a m\u00fasica &#8220;Impr\u00f3pria&#8221;, de Chico Limeira.<\/p>\n\n\n\n<p>Nesta eliminat\u00f3ria participaram 15 m\u00fasicas, se classificando\napenas sete m\u00fasicas que estar\u00e3o no dia 31 de maio na final\u00edssima em Jo\u00e3o\nPessoa, juntamente com as outras sete can\u00e7\u00f5es selecionadas em Alagoa Grande.<\/p>\n\n\n\n<p>Participaram interpretes e compositores de v\u00e1rias regi\u00f5es da Para\u00edba, entre eles, o sumeense e poeta Alberto Batista que teve sua m\u00fasica \u201cBrados do Guerreiro\u201d interpretada pelo cantor congoense e Beto Rodrigues, uma das classificadas.<\/p>\n\n\n\n<figure class=\"wp-block-image\"><img fetchpriority=\"high\" decoding=\"async\" width=\"960\" height=\"635\" src=\"http:\/\/www.caririemacao.com\/1\/wp-content\/uploads\/2019\/05\/61636869_1555478204588197_1334793114526679040_n.jpg\" alt=\"\" class=\"wp-image-96587\" srcset=\"https:\/\/www.caririemacao.com\/1\/wp-content\/uploads\/2019\/05\/61636869_1555478204588197_1334793114526679040_n.jpg 960w, https:\/\/www.caririemacao.com\/1\/wp-content\/uploads\/2019\/05\/61636869_1555478204588197_1334793114526679040_n-300x198.jpg 300w, https:\/\/www.caririemacao.com\/1\/wp-content\/uploads\/2019\/05\/61636869_1555478204588197_1334793114526679040_n-768x508.jpg 768w\" sizes=\"(max-width: 960px) 100vw, 960px\" \/><\/figure>\n\n\n\n<p>Alberto e Beto agora se preparam para ir a Jo\u00e3o Pessoa para\nparticipar da grande final. Na final em Jo\u00e3o Pessoa, ser\u00e1 pago a premia\u00e7\u00e3o de\nR$ 2 mil para o melhor int\u00e9rprete, R$ 3 mil para o terceiro, R$ 5 mil para o\nsegundo e sendo R$ 10 mil para o primeiro colocado, totalizando R$ 20 mil em\npr\u00eamios.<\/p>\n\n\n\n<p><strong>Se liga na lista:<\/strong><\/p>\n\n\n\n<p>&#8211; Brados do Guerreiro (Poeta Alberto Batista)<\/p>\n\n\n\n<p>&#8211; Nordeste Imenso (Raabe)<\/p>\n\n\n\n<p>&#8211; Canto Protetor (Tiago Sotero)<\/p>\n\n\n\n<p>&#8211; Pandeiro (Yuri Gonzaga, Z\u00e9 Neto e Carlos Henrique)<\/p>\n\n\n\n<p>&#8211; Florescer (Tathy Martins)<\/p>\n\n\n\n<p>&#8211; A Vida \u00c9 Sonho (J\u00e9ssica Melo e Ari Rodrigues)<\/p>\n\n\n\n<p>&#8211; Apn\u00e9ia (Cerebraz)<\/p>\n\n\n\n<p><a href=\"https:\/\/www.facebook.com\/pg\/CaririEmAcao\/photos\/?tab=album&amp;album_id=1555472341255450\">CLIQUE AQUI E VEJA TODAS AS FOTOS.<\/a><\/p>\n","protected":false},"excerpt":{"rendered":"<p>A cidade de Monteiro, foi o palco da segunda eliminat\u00f3ria do 2\u00ba Festival de M\u00fasica da Para\u00edba, um festival que neste ano homenageia o centen\u00e1rio&hellip; <\/p>\n","protected":false},"author":2,"featured_media":96586,"comment_status":"closed","ping_status":"closed","sticky":false,"template":"","format":"standard","meta":{"sfsi_plus_gutenberg_text_before_share":"","sfsi_plus_gutenberg_show_text_before_share":"","sfsi_plus_gutenberg_icon_type":"","sfsi_plus_gutenberg_icon_alignemt":"","sfsi_plus_gutenburg_max_per_row":"","footnotes":""},"categories":[6,50],"tags":[],"class_list":["post-96585","post","type-post","status-publish","format-standard","has-post-thumbnail","hentry","category-cidades","category-destaque"],"_links":{"self":[{"href":"https:\/\/www.caririemacao.com\/1\/wp-json\/wp\/v2\/posts\/96585","targetHints":{"allow":["GET"]}}],"collection":[{"href":"https:\/\/www.caririemacao.com\/1\/wp-json\/wp\/v2\/posts"}],"about":[{"href":"https:\/\/www.caririemacao.com\/1\/wp-json\/wp\/v2\/types\/post"}],"author":[{"embeddable":true,"href":"https:\/\/www.caririemacao.com\/1\/wp-json\/wp\/v2\/users\/2"}],"replies":[{"embeddable":true,"href":"https:\/\/www.caririemacao.com\/1\/wp-json\/wp\/v2\/comments?post=96585"}],"version-history":[{"count":2,"href":"https:\/\/www.caririemacao.com\/1\/wp-json\/wp\/v2\/posts\/96585\/revisions"}],"predecessor-version":[{"id":96589,"href":"https:\/\/www.caririemacao.com\/1\/wp-json\/wp\/v2\/posts\/96585\/revisions\/96589"}],"wp:featuredmedia":[{"embeddable":true,"href":"https:\/\/www.caririemacao.com\/1\/wp-json\/wp\/v2\/media\/96586"}],"wp:attachment":[{"href":"https:\/\/www.caririemacao.com\/1\/wp-json\/wp\/v2\/media?parent=96585"}],"wp:term":[{"taxonomy":"category","embeddable":true,"href":"https:\/\/www.caririemacao.com\/1\/wp-json\/wp\/v2\/categories?post=96585"},{"taxonomy":"post_tag","embeddable":true,"href":"https:\/\/www.caririemacao.com\/1\/wp-json\/wp\/v2\/tags?post=96585"}],"curies":[{"name":"wp","href":"https:\/\/api.w.org\/{rel}","templated":true}]}}