{"id":96590,"date":"2019-05-26T16:26:47","date_gmt":"2019-05-26T19:26:47","guid":{"rendered":"http:\/\/www.caririemacao.com\/1\/?p=96590"},"modified":"2019-05-26T17:36:32","modified_gmt":"2019-05-26T20:36:32","slug":"deputado-moacir-rodrigues-defende-interligacao-de-bacias-dos-acudes-no-cariri","status":"publish","type":"post","link":"https:\/\/www.caririemacao.com\/1\/2019\/05\/26\/deputado-moacir-rodrigues-defende-interligacao-de-bacias-dos-acudes-no-cariri\/","title":{"rendered":"Deputado Moacir Rodrigues defende interliga\u00e7\u00e3o de Bacias dos A\u00e7udes no Cariri"},"content":{"rendered":"\n<p>O deputado Moacir Rodrigues (PSL), irm\u00e3o do prefeito campinense, vem questionando e defendendo na Assembleia Legislativa da Para\u00edba, a mudan\u00e7a no projeto de transposi\u00e7\u00e3o do Rio S\u00e3o Francisco, com a distribui\u00e7\u00e3o de \u00e1guas de Monteiro para os a\u00e7udes de Sum\u00e9, Congo e Tapero\u00e1.<\/p>\n\n\n\n<figure class=\"wp-block-image\"><img fetchpriority=\"high\" decoding=\"async\" width=\"984\" height=\"616\" src=\"http:\/\/www.caririemacao.com\/1\/wp-content\/uploads\/2019\/05\/monteiro5.jpg\" alt=\"\" class=\"wp-image-96592\" srcset=\"https:\/\/www.caririemacao.com\/1\/wp-content\/uploads\/2019\/05\/monteiro5.jpg 984w, https:\/\/www.caririemacao.com\/1\/wp-content\/uploads\/2019\/05\/monteiro5-300x188.jpg 300w, https:\/\/www.caririemacao.com\/1\/wp-content\/uploads\/2019\/05\/monteiro5-768x481.jpg 768w\" sizes=\"(max-width: 984px) 100vw, 984px\" \/><\/figure>\n\n\n\n<p>Segundo o parlamentar, esta distribui\u00e7\u00e3o, al\u00e9m de perenizar\nos rios na regi\u00e3o, tamb\u00e9m vai aumentar a quantidade h\u00eddrica nestes mananciais. \u201cEm\nSum\u00e9, por exemplo, o pr\u00f3prio prefeito da cidade, \u00c9den Duarte, vem defendendo a\nirriga\u00e7\u00e3o do per\u00edmetro irrigado do Dnocs e essa medida n\u00e3o diminui o volume de\n\u00e1gua que chega aos a\u00e7udes de Por\u00e7\u00f5es e Camala\u00fa\u201d, explicou.<\/p>\n\n\n\n<p>Moacir informou ao Cariri em A\u00e7\u00e3o que vem lutando em defesa\ndesta mudan\u00e7a e acredita que se for executada, a regi\u00e3o do Cariri ter\u00e1 dias\nmelhores. Ele destacou que que j\u00e1 solicitou ao presidente da AESA, Porf\u00edrio\nLoureiro, a elabora\u00e7\u00e3o de EVTEA para Interliga\u00e7\u00e3o de Bacias dos A\u00e7udes de S\u00e3o\nJos\u00e9 em Monteiro e o A\u00e7ude de Tapero\u00e1, assim, recebendo \u00e1gua da Transposi\u00e7\u00e3o\npara toda a popula\u00e7\u00e3o.<\/p>\n\n\n\n<p>O deputado explicou que para garantir a viabilidade do\nprojeto, ser\u00e1 necess\u00e1rio realizar o Estudo de Viabilidade T\u00e9cnica, Econ\u00f4mica e\nAmbiental \u2013 EVTEA, partindo da Bacia do A\u00e7ude S\u00e3o Jos\u00e9, em Monteiro, seguindo\nseu tra\u00e7ado ou poss\u00edvel caminho para a Bacia do A\u00e7ude de Tapero\u00e1 que tem como\npapel fundamental, reunir informa\u00e7\u00f5es obtidas em pesquisas de campo, coleta de\ndado, e avalia\u00e7\u00f5es, al\u00e9m do diagn\u00f3stico de problemas e defini\u00e7\u00e3o das melhores\nsolu\u00e7\u00f5es para viabilizar o projeto.<\/p>\n\n\n\n<p>\u201cO Cariri Paraibano vem sofrendo constantemente com a crise\nh\u00eddrica, este \u00e9 um dos fatores que contribui para a diminui\u00e7\u00e3o do\ndesenvolvimento econ\u00f4mico da regi\u00e3o. A interliga\u00e7\u00e3o das bacias ser\u00e1 de extrema\nimport\u00e2ncia para a popula\u00e7\u00e3o dessas localidades, pois al\u00e9m de dar a ela o bem\nmaior, que \u00e9 o acesso a \u00e1gua, auxiliar\u00e1 na retomada do crescimento econ\u00f4mico,\ngerando melhoraria a qualidade de vida dos seus habitantes\u201d, justificou. <\/p>\n","protected":false},"excerpt":{"rendered":"<p>O deputado Moacir Rodrigues (PSL), irm\u00e3o do prefeito campinense, vem questionando e defendendo na Assembleia Legislativa da Para\u00edba, a mudan\u00e7a no projeto de transposi\u00e7\u00e3o do&hellip; <\/p>\n","protected":false},"author":2,"featured_media":96591,"comment_status":"closed","ping_status":"closed","sticky":false,"template":"","format":"standard","meta":{"sfsi_plus_gutenberg_text_before_share":"","sfsi_plus_gutenberg_show_text_before_share":"","sfsi_plus_gutenberg_icon_type":"","sfsi_plus_gutenberg_icon_alignemt":"","sfsi_plus_gutenburg_max_per_row":"","footnotes":""},"categories":[50,11],"tags":[],"class_list":["post-96590","post","type-post","status-publish","format-standard","has-post-thumbnail","hentry","category-destaque","category-politica"],"_links":{"self":[{"href":"https:\/\/www.caririemacao.com\/1\/wp-json\/wp\/v2\/posts\/96590","targetHints":{"allow":["GET"]}}],"collection":[{"href":"https:\/\/www.caririemacao.com\/1\/wp-json\/wp\/v2\/posts"}],"about":[{"href":"https:\/\/www.caririemacao.com\/1\/wp-json\/wp\/v2\/types\/post"}],"author":[{"embeddable":true,"href":"https:\/\/www.caririemacao.com\/1\/wp-json\/wp\/v2\/users\/2"}],"replies":[{"embeddable":true,"href":"https:\/\/www.caririemacao.com\/1\/wp-json\/wp\/v2\/comments?post=96590"}],"version-history":[{"count":2,"href":"https:\/\/www.caririemacao.com\/1\/wp-json\/wp\/v2\/posts\/96590\/revisions"}],"predecessor-version":[{"id":96594,"href":"https:\/\/www.caririemacao.com\/1\/wp-json\/wp\/v2\/posts\/96590\/revisions\/96594"}],"wp:featuredmedia":[{"embeddable":true,"href":"https:\/\/www.caririemacao.com\/1\/wp-json\/wp\/v2\/media\/96591"}],"wp:attachment":[{"href":"https:\/\/www.caririemacao.com\/1\/wp-json\/wp\/v2\/media?parent=96590"}],"wp:term":[{"taxonomy":"category","embeddable":true,"href":"https:\/\/www.caririemacao.com\/1\/wp-json\/wp\/v2\/categories?post=96590"},{"taxonomy":"post_tag","embeddable":true,"href":"https:\/\/www.caririemacao.com\/1\/wp-json\/wp\/v2\/tags?post=96590"}],"curies":[{"name":"wp","href":"https:\/\/api.w.org\/{rel}","templated":true}]}}