{"id":96595,"date":"2019-05-26T22:11:43","date_gmt":"2019-05-27T01:11:43","guid":{"rendered":"http:\/\/www.caririemacao.com\/1\/?p=96595"},"modified":"2019-05-26T22:11:43","modified_gmt":"2019-05-27T01:11:43","slug":"exclusivo-veiculo-que-transportava-jogadores-de-futebol-pega-fogo-na-br-412","status":"publish","type":"post","link":"https:\/\/www.caririemacao.com\/1\/2019\/05\/26\/exclusivo-veiculo-que-transportava-jogadores-de-futebol-pega-fogo-na-br-412\/","title":{"rendered":"EXCLUSIVO: Ve\u00edculo que transportava jogadores de futebol pega fogo na BR-412"},"content":{"rendered":"\n<p>Uma van que transportava os jogadores do time do Bota Fogo da Malhada da Ro\u00e7a, distrito do munic\u00edpio de S\u00e3o Jo\u00e3o do Cariri, foi incendiada na volta de um jogo do sitio Lucas, zona rural do mesmo munic\u00edpio.<\/p>\n\n\n\n<p>Segundo informa\u00e7\u00f5es apuradas pela reportagem, a van apresentou problemas t\u00e9cnicos ao chegar as margens da BR-412, o motorista, dono do ve\u00edculo Aderaldo, desceu para fazer os reparos, e o ve\u00edculo come\u00e7ou a pegar fogo.<\/p>\n\n\n\n<p>O caso aconteceu por volta de 18h30 da noite deste domingo (26). Os jogadores ao verem as chamas, sa\u00edram rapidamente, e o incidente n\u00e3o deixou nenhum ferido.<\/p>\n\n\n\n<p><em>Confira algumas imagens do ve\u00edculo ap\u00f3s o inc\u00eandio:<\/em><\/p>\n\n\n\n<div class=\"wp-block-image\"><figure class=\"aligncenter\"><img decoding=\"async\" data-src=\"https:\/\/paraibamix.com.br\/wp-content\/uploads\/2019\/05\/f1a1b295-3e1e-4fd5-9f45-fdc2ab331dcb.jpg\" alt=\"\" class=\"wp-image-25968 lazyload\" src=\"data:image\/svg+xml;base64,PHN2ZyB3aWR0aD0iMSIgaGVpZ2h0PSIxIiB4bWxucz0iaHR0cDovL3d3dy53My5vcmcvMjAwMC9zdmciPjwvc3ZnPg==\" \/><\/figure><\/div>\n\n\n\n<div class=\"wp-block-image\"><figure class=\"aligncenter\"><img decoding=\"async\" data-src=\"https:\/\/paraibamix.com.br\/wp-content\/uploads\/2019\/05\/bfc23c45-caa9-498e-88c0-437510fd7456.jpg\" alt=\"\" class=\"wp-image-25969 lazyload\" src=\"data:image\/svg+xml;base64,PHN2ZyB3aWR0aD0iMSIgaGVpZ2h0PSIxIiB4bWxucz0iaHR0cDovL3d3dy53My5vcmcvMjAwMC9zdmciPjwvc3ZnPg==\" \/><\/figure><\/div>\n\n\n\n<p><strong>Para\u00edba Mix<\/strong><\/p>\n","protected":false},"excerpt":{"rendered":"<p>Uma van que transportava os jogadores do time do Bota Fogo da Malhada da Ro\u00e7a, distrito do munic\u00edpio de S\u00e3o Jo\u00e3o do Cariri, foi incendiada&hellip; <\/p>\n","protected":false},"author":2,"featured_media":96596,"comment_status":"closed","ping_status":"closed","sticky":false,"template":"","format":"standard","meta":{"sfsi_plus_gutenberg_text_before_share":"","sfsi_plus_gutenberg_show_text_before_share":"","sfsi_plus_gutenberg_icon_type":"","sfsi_plus_gutenberg_icon_alignemt":"","sfsi_plus_gutenburg_max_per_row":"","footnotes":""},"categories":[50,12],"tags":[],"class_list":["post-96595","post","type-post","status-publish","format-standard","has-post-thumbnail","hentry","category-destaque","category-policia"],"_links":{"self":[{"href":"https:\/\/www.caririemacao.com\/1\/wp-json\/wp\/v2\/posts\/96595","targetHints":{"allow":["GET"]}}],"collection":[{"href":"https:\/\/www.caririemacao.com\/1\/wp-json\/wp\/v2\/posts"}],"about":[{"href":"https:\/\/www.caririemacao.com\/1\/wp-json\/wp\/v2\/types\/post"}],"author":[{"embeddable":true,"href":"https:\/\/www.caririemacao.com\/1\/wp-json\/wp\/v2\/users\/2"}],"replies":[{"embeddable":true,"href":"https:\/\/www.caririemacao.com\/1\/wp-json\/wp\/v2\/comments?post=96595"}],"version-history":[{"count":1,"href":"https:\/\/www.caririemacao.com\/1\/wp-json\/wp\/v2\/posts\/96595\/revisions"}],"predecessor-version":[{"id":96597,"href":"https:\/\/www.caririemacao.com\/1\/wp-json\/wp\/v2\/posts\/96595\/revisions\/96597"}],"wp:featuredmedia":[{"embeddable":true,"href":"https:\/\/www.caririemacao.com\/1\/wp-json\/wp\/v2\/media\/96596"}],"wp:attachment":[{"href":"https:\/\/www.caririemacao.com\/1\/wp-json\/wp\/v2\/media?parent=96595"}],"wp:term":[{"taxonomy":"category","embeddable":true,"href":"https:\/\/www.caririemacao.com\/1\/wp-json\/wp\/v2\/categories?post=96595"},{"taxonomy":"post_tag","embeddable":true,"href":"https:\/\/www.caririemacao.com\/1\/wp-json\/wp\/v2\/tags?post=96595"}],"curies":[{"name":"wp","href":"https:\/\/api.w.org\/{rel}","templated":true}]}}