{"id":96598,"date":"2019-05-27T09:54:34","date_gmt":"2019-05-27T12:54:34","guid":{"rendered":"http:\/\/www.caririemacao.com\/1\/?p=96598"},"modified":"2019-05-27T09:54:34","modified_gmt":"2019-05-27T12:54:34","slug":"cidade-de-sao-joao-do-cariri-nao-registra-atos-em-apoio-ao-governo-bolsonaro-entenda-o-caso","status":"publish","type":"post","link":"https:\/\/www.caririemacao.com\/1\/2019\/05\/27\/cidade-de-sao-joao-do-cariri-nao-registra-atos-em-apoio-ao-governo-bolsonaro-entenda-o-caso\/","title":{"rendered":"Cidade de S\u00e3o Jo\u00e3o do Cariri n\u00e3o registra atos em apoio ao Governo Bolsonaro; entenda o caso"},"content":{"rendered":"\n<p>No \u00faltimo domingo (26) foi convocado manifesta\u00e7\u00f5es em todo pa\u00eds em apoio \u00e0s reformas e ao governo Bolsonaro. Em algumas cidades paraibanas como Jo\u00e3o Pessoa e Campina Grande realizaram neste domingo, manifesta\u00e7\u00f5es de apoio ao atual governo.<\/p>\n\n\n\n<p>As manifesta\u00e7\u00f5es defendiam a aprova\u00e7\u00e3o da reforma da previd\u00eancia, aprova\u00e7\u00e3o imediata da MP 870 da reforma da administrativa, aprova\u00e7\u00e3o do pacote anticrime e o COAF no comando do Ministro S\u00e9rgio Moro.<\/p>\n\n\n\n<p>Na regi\u00e3o do Cariri, a cidade de S\u00e3o Jo\u00e3o do Cariri estava entre as cidades confirmadas para manifesta\u00e7\u00e3o de apoio \u00e0s reformas do Governo Bolsonaro, como foi amplamente divulgado pela m\u00eddia estadual e nacional.<\/p>\n\n\n\n<p>Em contato com l\u00edderes pol\u00edticos e populares da cidade \u2018M\u00e3e do Cariri\u2019, a nossa reportagem apurou que nenhum tipo de manifesta\u00e7\u00e3o e ato pol\u00edtico foi realizado em S\u00e3o Jo\u00e3o do Cariri durante este \u00faltimo domingo.<\/p>\n\n\n\n<p>Segundo registros veiculados pela organiza\u00e7\u00e3o, ao menos 122 cidades do Brasil realizaram manifestos de apoio ao governo Bolsonaro. Na manh\u00e3 deste domingo&nbsp;a hashtag&nbsp;<em>#BrasilNasRuas<\/em>&nbsp;foi o assunto mais comentado do Twitter.<\/p>\n\n\n\n<p><strong>De Olho no Cariri<\/strong><\/p>\n","protected":false},"excerpt":{"rendered":"<p>No \u00faltimo domingo (26) foi convocado manifesta\u00e7\u00f5es em todo pa\u00eds em apoio \u00e0s reformas e ao governo Bolsonaro. Em algumas cidades paraibanas como Jo\u00e3o Pessoa&hellip; <\/p>\n","protected":false},"author":1,"featured_media":65967,"comment_status":"closed","ping_status":"closed","sticky":false,"template":"","format":"standard","meta":{"sfsi_plus_gutenberg_text_before_share":"","sfsi_plus_gutenberg_show_text_before_share":"","sfsi_plus_gutenberg_icon_type":"","sfsi_plus_gutenberg_icon_alignemt":"","sfsi_plus_gutenburg_max_per_row":"","footnotes":""},"categories":[6,50],"tags":[],"class_list":["post-96598","post","type-post","status-publish","format-standard","has-post-thumbnail","hentry","category-cidades","category-destaque"],"_links":{"self":[{"href":"https:\/\/www.caririemacao.com\/1\/wp-json\/wp\/v2\/posts\/96598","targetHints":{"allow":["GET"]}}],"collection":[{"href":"https:\/\/www.caririemacao.com\/1\/wp-json\/wp\/v2\/posts"}],"about":[{"href":"https:\/\/www.caririemacao.com\/1\/wp-json\/wp\/v2\/types\/post"}],"author":[{"embeddable":true,"href":"https:\/\/www.caririemacao.com\/1\/wp-json\/wp\/v2\/users\/1"}],"replies":[{"embeddable":true,"href":"https:\/\/www.caririemacao.com\/1\/wp-json\/wp\/v2\/comments?post=96598"}],"version-history":[{"count":1,"href":"https:\/\/www.caririemacao.com\/1\/wp-json\/wp\/v2\/posts\/96598\/revisions"}],"predecessor-version":[{"id":96599,"href":"https:\/\/www.caririemacao.com\/1\/wp-json\/wp\/v2\/posts\/96598\/revisions\/96599"}],"wp:featuredmedia":[{"embeddable":true,"href":"https:\/\/www.caririemacao.com\/1\/wp-json\/wp\/v2\/media\/65967"}],"wp:attachment":[{"href":"https:\/\/www.caririemacao.com\/1\/wp-json\/wp\/v2\/media?parent=96598"}],"wp:term":[{"taxonomy":"category","embeddable":true,"href":"https:\/\/www.caririemacao.com\/1\/wp-json\/wp\/v2\/categories?post=96598"},{"taxonomy":"post_tag","embeddable":true,"href":"https:\/\/www.caririemacao.com\/1\/wp-json\/wp\/v2\/tags?post=96598"}],"curies":[{"name":"wp","href":"https:\/\/api.w.org\/{rel}","templated":true}]}}