{"id":96606,"date":"2019-05-27T10:00:23","date_gmt":"2019-05-27T13:00:23","guid":{"rendered":"http:\/\/www.caririemacao.com\/1\/?p=96606"},"modified":"2019-05-27T10:00:23","modified_gmt":"2019-05-27T13:00:23","slug":"prefeita-de-monteiro-emite-nota-lamentando-a-morte-do-pai-do-vereador-helio-sandro","status":"publish","type":"post","link":"https:\/\/www.caririemacao.com\/1\/2019\/05\/27\/prefeita-de-monteiro-emite-nota-lamentando-a-morte-do-pai-do-vereador-helio-sandro\/","title":{"rendered":"Prefeita de Monteiro emite nota lamentando a morte do pai do vereador H\u00e9lio Sandro"},"content":{"rendered":"\n<p>Em nota, A Prefeitura de Monteiro, atrav\u00e9s da prefeita Anna Lorena, lamentou a morte do pai do vereador H\u00e9lio Sandro, o senhor Jos\u00e9 Pedro Sobrinho.<\/p>\n\n\n\n<p><strong>Confira a nota:&nbsp;<\/strong><\/p>\n\n\n\n<p>A Prefeitura Municipal de Monteiro, atrav\u00e9s da prefeita Anna Lorena de farias Leite N\u00f3brega, vem a p\u00fablico manifestar irrestrita solidariedade e votos de pesar ao vereador H\u00e9lio Sandro e demais familiares pelo falecimento do senhor JOS\u00c9 PEDRO SOBRINHO, ocorrido neste domingo, 26, na cidade de Monteiro.<\/p>\n\n\n\n<p>Que os exemplos de cidad\u00e3o reto, comprometido com a \u00e9tica e o respeito que faziam parte do seu c\u00edrculo de parentesco e amizade sirvam de exemplo para todos n\u00f3s.<\/p>\n\n\n\n<p>Monteiro, 26 de maio de 2019<\/p>\n\n\n\n<p><strong>ANNA LORENA DE FARIAS LEITE N\u00d3BREGA<\/strong><\/p>\n\n\n\n<p><strong>Prefeita<\/strong><\/p>\n","protected":false},"excerpt":{"rendered":"<p>Em nota, A Prefeitura de Monteiro, atrav\u00e9s da prefeita Anna Lorena, lamentou a morte do pai do vereador H\u00e9lio Sandro, o senhor Jos\u00e9 Pedro Sobrinho.&hellip; <\/p>\n","protected":false},"author":1,"featured_media":12074,"comment_status":"closed","ping_status":"closed","sticky":false,"template":"","format":"standard","meta":{"sfsi_plus_gutenberg_text_before_share":"","sfsi_plus_gutenberg_show_text_before_share":"","sfsi_plus_gutenberg_icon_type":"","sfsi_plus_gutenberg_icon_alignemt":"","sfsi_plus_gutenburg_max_per_row":"","footnotes":""},"categories":[50,2],"tags":[],"class_list":["post-96606","post","type-post","status-publish","format-standard","has-post-thumbnail","hentry","category-destaque","category-geral"],"_links":{"self":[{"href":"https:\/\/www.caririemacao.com\/1\/wp-json\/wp\/v2\/posts\/96606","targetHints":{"allow":["GET"]}}],"collection":[{"href":"https:\/\/www.caririemacao.com\/1\/wp-json\/wp\/v2\/posts"}],"about":[{"href":"https:\/\/www.caririemacao.com\/1\/wp-json\/wp\/v2\/types\/post"}],"author":[{"embeddable":true,"href":"https:\/\/www.caririemacao.com\/1\/wp-json\/wp\/v2\/users\/1"}],"replies":[{"embeddable":true,"href":"https:\/\/www.caririemacao.com\/1\/wp-json\/wp\/v2\/comments?post=96606"}],"version-history":[{"count":1,"href":"https:\/\/www.caririemacao.com\/1\/wp-json\/wp\/v2\/posts\/96606\/revisions"}],"predecessor-version":[{"id":96607,"href":"https:\/\/www.caririemacao.com\/1\/wp-json\/wp\/v2\/posts\/96606\/revisions\/96607"}],"wp:featuredmedia":[{"embeddable":true,"href":"https:\/\/www.caririemacao.com\/1\/wp-json\/wp\/v2\/media\/12074"}],"wp:attachment":[{"href":"https:\/\/www.caririemacao.com\/1\/wp-json\/wp\/v2\/media?parent=96606"}],"wp:term":[{"taxonomy":"category","embeddable":true,"href":"https:\/\/www.caririemacao.com\/1\/wp-json\/wp\/v2\/categories?post=96606"},{"taxonomy":"post_tag","embeddable":true,"href":"https:\/\/www.caririemacao.com\/1\/wp-json\/wp\/v2\/tags?post=96606"}],"curies":[{"name":"wp","href":"https:\/\/api.w.org\/{rel}","templated":true}]}}