{"id":96611,"date":"2019-05-27T11:32:29","date_gmt":"2019-05-27T14:32:29","guid":{"rendered":"http:\/\/www.caririemacao.com\/1\/?p=96611"},"modified":"2019-05-27T11:32:29","modified_gmt":"2019-05-27T14:32:29","slug":"bolsonaro-cobra-centrao-e-diz-que-exagerou-ao-chamar-alunos-de-idiotas-uteis","status":"publish","type":"post","link":"https:\/\/www.caririemacao.com\/1\/2019\/05\/27\/bolsonaro-cobra-centrao-e-diz-que-exagerou-ao-chamar-alunos-de-idiotas-uteis\/","title":{"rendered":"Bolsonaro cobra centr\u00e3o e diz que exagerou ao chamar alunos de &#8216;idiotas \u00fateis&#8217;"},"content":{"rendered":"\n<p>S\u00c3O PAULO, SP (FOLHAPRESS) &#8211; Ap\u00f3s exaltar os manifestantes que foram \u00e0s ruas neste domingo (26) em defesa do governo, o presidente Jair Bolsonaro disse ter exagerado ao chamar de &#8220;idiotas \u00fateis&#8221; os participantes dos protestos contr\u00e1rios ao bloqueio de recursos da educa\u00e7\u00e3o no \u00faltimo dia 15, principalmente alunos e servidores da \u00e1rea.&nbsp;<\/p>\n\n\n\n<p>Em entrevista \u00e0 TV Record, Bolsonaro tamb\u00e9m sugeriu que parlamentares se desvinculem do centr\u00e3o, grupo informal com cerca de 200 deputados e que foi um dos principais alvos dos atos pr\u00f3-governo.&nbsp;<\/p>\n\n\n\n<p>O presidente fez ao aceno ao Congresso ao dizer n\u00e3o querer brigar com o Parlamento, mas disse que a palavra centr\u00e3o, que re\u00fane parlamentares de siglas como PP, DEM, PRB, MDB e Solidariedade, virou um &#8220;palavr\u00e3o&#8221; e que parte consider\u00e1vel dos parlamentares n\u00e3o quer se rotulada ao &#8220;grupo clientelista&#8221;.<\/p>\n\n\n\n<p>&#8220;Estive no Paran\u00e1 esses dias com um grupo de parlamentares ali que estavam nos partidos do centr\u00e3o e eles me falaram: &#8216;olha, este r\u00f3tulo n\u00e3o est\u00e1 pegando bem para n\u00f3s, n\u00e9? Meu voto \u00e9 independente.&#8217; E assim \u00e9 grande parte desses parlamentares. Ou seja, virou um palavr\u00e3o&#8221;, disse Bolsonaro.&nbsp;<\/p>\n\n\n\n<p>&#8220;Ent\u00e3o eu acho que eles t\u00eam que trabalhar para desvincular-se disso da\u00ed. Agora, a melhor maneira de mostrar que eles n\u00e3o t\u00eam nada a ver com o dito centr\u00e3o, que foi satanizado este nome, \u00e9 ajudar a votar aquilo que interessa para o Brasil. Agindo dessa maneira ter\u00e1 o reconhecimento por parte da popula\u00e7\u00e3o&#8221;, completou.<\/p>\n\n\n\n<p>Em rela\u00e7\u00e3o \u00e0 declara\u00e7\u00e3o que deu sobre os manifestantes que sa\u00edram \u00e0s ruas no dia 15 de maio pedindo recursos para a educa\u00e7\u00e3o, quando os chamou de &#8220;idiotas \u00fateis&#8221;, Bolsonaro diz ter se excedido.<\/p>\n\n\n\n<p>&#8220;Eu exagerei, concordo, eu exagerei. O que diz a\u00ed o certo \u00e9 que s\u00e3o os inocentes \u00fateis. A grande maioria s\u00e3o garotos inocentes que n\u00e3o sabiam o que estavam fazendo l\u00e1.&#8221;<\/p>\n\n\n\n<p>Segundo Bolsonaro, &#8220;a garotada foi pra rua contra corte na educa\u00e7\u00e3o&#8221;, sem estar ciente de que se tratava de um contingenciamento de recursos. &#8220;Eu deixei de gastar, n\u00e3o tirei o dinheiro do banco. Eu segurei aproximadamente 3,6% do montante. Quer dizer, 30% de 12% das despesas discricionais. E a molecada foi usada, essa garotada foi usada por professores inescrupulosos, uma parte n\u00e9, para fazer manifesta\u00e7\u00e3o pol\u00edtica contra o governo.&#8221;<\/p>\n\n\n\n<p>O presidente falou ainda sobre a possibilidade de o Congresso tocar algumas reformas que n\u00e3o foram propostas pelo governo, como a tribut\u00e1ria. Afirmou n\u00e3o ver isso com preocupa\u00e7\u00e3o.<\/p>\n\n\n\n<p>&#8220;Sem problema nenhum. Se n\u00e3o me engano esta proposta \u00e9 do [deputado federal] Baleia Rossi (MDB), de S\u00e3o Paulo. Eu n\u00e3o tomei conhecimento desta pauta ainda porque est\u00e1 faltando uma conversa minha com o Paulo Guedes (ministro da Economia). E havendo essa conversa e se a proposta dele for boa n\u00f3s vamos tocar&#8221;, disse Bolsonaro.<\/p>\n\n\n\n<p><strong>Manifesta\u00e7\u00f5es&nbsp;<\/strong><\/p>\n\n\n\n<p>Neste domingo (26), com a direita rachada, as manifesta\u00e7\u00f5es pr\u00f3-governo Bolsonaro realizadas pelo pa\u00eds exaltaram projetos encampados pelos ministros Sergio Moro (Justi\u00e7a) e Paulo Guedes (Economia) e concentraram cr\u00edticas n\u00e3o s\u00f3 no centr\u00e3o, alvo j\u00e1 esperado, como no presidente da C\u00e2mara, Rodrigo Maia (DEM-RJ).<\/p>\n\n\n\n<p>Os atos foram impulsionados pelo pr\u00f3prio presidente Jair Bolsonaro (PSL), que, apesar das recomenda\u00e7\u00f5es de integrantes do governo para que mantivesse distanciamento, estimulou a mobiliza\u00e7\u00e3o ao espalhar imagens em redes sociais e dizer que ela era um &#8220;recado \u00e0queles que teimam com velhas pr\u00e1ticas&#8221;.<\/p>\n\n\n\n<p>Ao levar milhares de pessoas \u00e0s ruas em ao menos 140 cidades, as manifesta\u00e7\u00f5es superaram a expectativa de aliados do governo em meio ao racha de grupos de direita e ao temor de fracasso devido ao desgaste popular de Bolsonaro nos primeiros meses de mandato.&nbsp;<br><\/p>\n","protected":false},"excerpt":{"rendered":"<p>S\u00c3O PAULO, SP (FOLHAPRESS) &#8211; Ap\u00f3s exaltar os manifestantes que foram \u00e0s ruas neste domingo (26) em defesa do governo, o presidente Jair Bolsonaro disse&hellip; <\/p>\n","protected":false},"author":1,"featured_media":96612,"comment_status":"closed","ping_status":"closed","sticky":false,"template":"","format":"standard","meta":{"sfsi_plus_gutenberg_text_before_share":"","sfsi_plus_gutenberg_show_text_before_share":"","sfsi_plus_gutenberg_icon_type":"","sfsi_plus_gutenberg_icon_alignemt":"","sfsi_plus_gutenburg_max_per_row":"","footnotes":""},"categories":[11],"tags":[],"class_list":["post-96611","post","type-post","status-publish","format-standard","has-post-thumbnail","hentry","category-politica"],"_links":{"self":[{"href":"https:\/\/www.caririemacao.com\/1\/wp-json\/wp\/v2\/posts\/96611","targetHints":{"allow":["GET"]}}],"collection":[{"href":"https:\/\/www.caririemacao.com\/1\/wp-json\/wp\/v2\/posts"}],"about":[{"href":"https:\/\/www.caririemacao.com\/1\/wp-json\/wp\/v2\/types\/post"}],"author":[{"embeddable":true,"href":"https:\/\/www.caririemacao.com\/1\/wp-json\/wp\/v2\/users\/1"}],"replies":[{"embeddable":true,"href":"https:\/\/www.caririemacao.com\/1\/wp-json\/wp\/v2\/comments?post=96611"}],"version-history":[{"count":1,"href":"https:\/\/www.caririemacao.com\/1\/wp-json\/wp\/v2\/posts\/96611\/revisions"}],"predecessor-version":[{"id":96613,"href":"https:\/\/www.caririemacao.com\/1\/wp-json\/wp\/v2\/posts\/96611\/revisions\/96613"}],"wp:featuredmedia":[{"embeddable":true,"href":"https:\/\/www.caririemacao.com\/1\/wp-json\/wp\/v2\/media\/96612"}],"wp:attachment":[{"href":"https:\/\/www.caririemacao.com\/1\/wp-json\/wp\/v2\/media?parent=96611"}],"wp:term":[{"taxonomy":"category","embeddable":true,"href":"https:\/\/www.caririemacao.com\/1\/wp-json\/wp\/v2\/categories?post=96611"},{"taxonomy":"post_tag","embeddable":true,"href":"https:\/\/www.caririemacao.com\/1\/wp-json\/wp\/v2\/tags?post=96611"}],"curies":[{"name":"wp","href":"https:\/\/api.w.org\/{rel}","templated":true}]}}