{"id":96620,"date":"2019-05-27T11:41:50","date_gmt":"2019-05-27T14:41:50","guid":{"rendered":"http:\/\/www.caririemacao.com\/1\/?p=96620"},"modified":"2019-05-27T11:41:50","modified_gmt":"2019-05-27T14:41:50","slug":"sindrome-de-burnout-entra-na-lista-oficial-de-doencas-da-oms","status":"publish","type":"post","link":"https:\/\/www.caririemacao.com\/1\/2019\/05\/27\/sindrome-de-burnout-entra-na-lista-oficial-de-doencas-da-oms\/","title":{"rendered":"S\u00edndrome de Burnout entra na lista oficial de doen\u00e7as da OMS"},"content":{"rendered":"\n<p>O esgotamento profissional, conhecido como &#8220;s\u00edndrome de burnout&#8221;, foi inclu\u00eddo na Classifica\u00e7\u00e3o Internacional de Doen\u00e7as da Organiza\u00e7\u00e3o Mundial da Sa\u00fade (OMS). A lista, elaborada pela OMS, \u00e9 baseada nas conclus\u00f5es de especialistas de todo o mundo. A classifica\u00e7\u00e3o \u00e9 utilizada para estabelecer tend\u00eancias e estat\u00edsticas de sa\u00fade.<\/p>\n\n\n\n<p>A inclus\u00e3o foi aprovada pelos Estados membros da OMS, reunidos desde 20 de maio em Genebra para a assembleia mundial da organiza\u00e7\u00e3o. &#8220;\u00c9 a primeira vez que o esgotamento profissional entra na classifica\u00e7\u00e3o&#8221;, anunciou o porta-voz da OMS, Tarik Jasarevic.<\/p>\n\n\n\n<p>A Classifica\u00e7\u00e3o de Doen\u00e7as da OMS estabelece uma linguagem comum que facilita o interc\u00e2mbio de informa\u00e7\u00f5es entre os profissionais da \u00e1rea da sa\u00fade ao redor do planeta. O &#8220;burnout&#8221;, que foi inclu\u00eddo no cap\u00edtulo de &#8220;problemas associados&#8221; ao emprego ou ao desemprego, recebeu o c\u00f3digo QD85.<\/p>\n\n\n\n<p><strong>Defini\u00e7\u00e3o<\/strong><\/p>\n\n\n\n<p>O problema foi descrito como &#8220;uma s\u00edndrome resultante de um estresse cr\u00f4nico no trabalho que n\u00e3o foi administrado com \u00eaxito&#8221; e que se caracteriza por tr\u00eas elementos: &#8220;sensa\u00e7\u00e3o de esgotamento, cinismo ou sentimentos negativos relacionados a seu trabalho e efic\u00e1cia profissional reduzida&#8221;.<\/p>\n\n\n\n<p>O registro da OMS explica que o esgotamento &#8220;se refere especificamente a fen\u00f4menos relativos ao contexto profissional e n\u00e3o deve ser utilizado para descrever experi\u00eancias em outros \u00e2mbitos da vida&#8221;.<\/p>\n\n\n\n<p>A nova classifica\u00e7\u00e3o, chamada CIP-11, publicada ano passado, foi aprovada durante a 72\u00aa Assembleia Mundial da OMS e entrar\u00e1 em vigor no dia 1 de janeiro de 2022.<\/p>\n\n\n\n<p>A lista recebeu novos cap\u00edtulos, um deles dedicado \u00e0 sa\u00fade sexual. Abrange condi\u00e7\u00f5es anteriormente classificadas em outras listas, como a &#8220;incongru\u00eancia de g\u00eanero&#8221;, como a transexualidade, at\u00e9 ent\u00e3o citadas na se\u00e7\u00e3o sobre enfermidades mentais.<\/p>\n\n\n\n<p>O transtorno provocado por jogos eletr\u00f4nicos foi inclu\u00eddo no cap\u00edtulo depend\u00eancia. A nova classifica\u00e7\u00e3o da OMS tamb\u00e9m prop\u00f5e um novo cap\u00edtulo sobre a medicina tradicional.<\/p>\n","protected":false},"excerpt":{"rendered":"<p>O esgotamento profissional, conhecido como &#8220;s\u00edndrome de burnout&#8221;, foi inclu\u00eddo na Classifica\u00e7\u00e3o Internacional de Doen\u00e7as da Organiza\u00e7\u00e3o Mundial da Sa\u00fade (OMS). A lista, elaborada pela&hellip; <\/p>\n","protected":false},"author":1,"featured_media":96621,"comment_status":"closed","ping_status":"closed","sticky":false,"template":"","format":"standard","meta":{"sfsi_plus_gutenberg_text_before_share":"","sfsi_plus_gutenberg_show_text_before_share":"","sfsi_plus_gutenberg_icon_type":"","sfsi_plus_gutenberg_icon_alignemt":"","sfsi_plus_gutenburg_max_per_row":"","footnotes":""},"categories":[16],"tags":[],"class_list":["post-96620","post","type-post","status-publish","format-standard","has-post-thumbnail","hentry","category-saude"],"_links":{"self":[{"href":"https:\/\/www.caririemacao.com\/1\/wp-json\/wp\/v2\/posts\/96620","targetHints":{"allow":["GET"]}}],"collection":[{"href":"https:\/\/www.caririemacao.com\/1\/wp-json\/wp\/v2\/posts"}],"about":[{"href":"https:\/\/www.caririemacao.com\/1\/wp-json\/wp\/v2\/types\/post"}],"author":[{"embeddable":true,"href":"https:\/\/www.caririemacao.com\/1\/wp-json\/wp\/v2\/users\/1"}],"replies":[{"embeddable":true,"href":"https:\/\/www.caririemacao.com\/1\/wp-json\/wp\/v2\/comments?post=96620"}],"version-history":[{"count":1,"href":"https:\/\/www.caririemacao.com\/1\/wp-json\/wp\/v2\/posts\/96620\/revisions"}],"predecessor-version":[{"id":96622,"href":"https:\/\/www.caririemacao.com\/1\/wp-json\/wp\/v2\/posts\/96620\/revisions\/96622"}],"wp:featuredmedia":[{"embeddable":true,"href":"https:\/\/www.caririemacao.com\/1\/wp-json\/wp\/v2\/media\/96621"}],"wp:attachment":[{"href":"https:\/\/www.caririemacao.com\/1\/wp-json\/wp\/v2\/media?parent=96620"}],"wp:term":[{"taxonomy":"category","embeddable":true,"href":"https:\/\/www.caririemacao.com\/1\/wp-json\/wp\/v2\/categories?post=96620"},{"taxonomy":"post_tag","embeddable":true,"href":"https:\/\/www.caririemacao.com\/1\/wp-json\/wp\/v2\/tags?post=96620"}],"curies":[{"name":"wp","href":"https:\/\/api.w.org\/{rel}","templated":true}]}}